

{"id":638,"date":"2022-06-04T20:56:40","date_gmt":"2022-06-04T18:56:40","guid":{"rendered":"https:\/\/bardzogrubysmok.pl\/wycieczki\/?p=638"},"modified":"2025-09-26T22:03:39","modified_gmt":"2025-09-26T20:03:39","slug":"blue-velo-dzien-1-szczecin-stepniczka","status":"publish","type":"post","link":"https:\/\/bardzogrubysmok.pl\/wycieczki\/blue-velo-dzien-1-szczecin-stepniczka\/","title":{"rendered":"Blue Velo &#8211; Dzie\u0144 1: Szczecin &#8211; Stepniczka"},"content":{"rendered":"\n<p>Pierwszy dzie\u0144 wyprawy Eurovelo 10 prowadzi nas ze Szczecina do Stepniczki. W\u0142a\u015bciwie jest to cz\u0119\u015b\u0107 trasy Blue Velo.<\/p>\n\n\n\n<!--more-->\n\n\n\n<figure class=\"wp-block-table is-style-stripes\"><table><tbody><tr><td><strong>Rodzaj trasy:<\/strong><\/td><td>d\u0142ugodystansowa<\/td><\/tr><tr><td><strong>Szlak:<\/strong><\/td><td>Blue Velo (brak oznacze\u0144)<\/td><\/tr><tr><td><strong>Liczba kilometr\u00f3w:<\/strong><\/td><td>60 km<\/td><\/tr><tr><td><strong>Trudno\u015b\u0107:<\/strong><\/td><td>\u0142atwa<\/td><\/tr><tr><td><strong>Przewy\u017cszenia:<\/strong><\/td><td>197 m \u2191  221 m \u2193<\/td><\/tr><tr><td><strong>Pod\u0142o\u017ce:<\/strong><\/td><td>asfalt, kostka brukowa, szuter, ziemia<\/td><\/tr><tr><td><strong>Drogi:<\/strong><\/td><td>drogi o niewielkim i \u015brednim nat\u0119\u017ceniu ruchu, \u015bcie\u017cki rowerowe, drogi le\u015bne<\/td><\/tr><tr><td><strong>Atrakcje dodatkowe:<\/strong><\/td><td>Zamek Ksi\u0105\u017c\u0105t Pomorskich, Wa\u0142y Chrobrego, d\u017awigozaury w Szczecinie, lasy<\/td><\/tr><tr><td><strong>\u015alad GPX<\/strong><\/td><td><\/td><\/tr><\/tbody><\/table><\/figure>\n\n\n<p><link rel='stylesheet' id='osm-ol3-css-css' href='https:\/\/bardzogrubysmok.pl\/wycieczki\/wp-content\/plugins\/osm\/js\/OL\/10.9.0\/ol.css?ver=6.9.4' type='text\/css' media='all' \/>\n<link rel='stylesheet' id='osm-ol3-ext-css-css' href='https:\/\/bardzogrubysmok.pl\/wycieczki\/wp-content\/plugins\/osm\/css\/osm_map_v3.css?ver=6.9.4' type='text\/css' media='all' \/>\n<link rel='stylesheet' id='osm-map-css-css' href='https:\/\/bardzogrubysmok.pl\/wycieczki\/wp-content\/plugins\/osm\/css\/osm_map.css?ver=6.9.4' type='text\/css' media='all' \/>\n<script type=\"text\/javascript\" src=\"https:\/\/bardzogrubysmok.pl\/wycieczki\/wp-includes\/js\/dist\/vendor\/wp-polyfill.min.js?ver=3.15.0\" id=\"wp-polyfill-js\"><\/script>\n<script type=\"text\/javascript\" src=\"https:\/\/bardzogrubysmok.pl\/wycieczki\/wp-content\/plugins\/osm\/js\/OL\/10.9.0\/ol.js?ver=10.9.0\" id=\"osm-ol3-library-js\"><\/script>\n<script type=\"text\/javascript\" src=\"https:\/\/bardzogrubysmok.pl\/wycieczki\/wp-content\/plugins\/osm\/js\/osm-v3-plugin-lib.js?ver=1.0.0\" id=\"osm-ol3-ext-library-js\"><\/script>\n<script type=\"text\/javascript\" src=\"https:\/\/bardzogrubysmok.pl\/wycieczki\/wp-content\/plugins\/osm\/js\/osm-metabox-events.js?ver=1.0.0\" id=\"osm-ol3-metabox-events-js\"><\/script>\n<script type=\"text\/javascript\" src=\"https:\/\/bardzogrubysmok.pl\/wycieczki\/wp-includes\/js\/jquery\/jquery.min.js?ver=3.7.1\" id=\"jquery-core-js\"><\/script>\n<script type=\"text\/javascript\" src=\"https:\/\/bardzogrubysmok.pl\/wycieczki\/wp-includes\/js\/jquery\/jquery-migrate.min.js?ver=3.4.1\" id=\"jquery-migrate-js\"><\/script>\n<script type=\"text\/javascript\" id=\"osm-map-startup-js-extra\">\n\/* <![CDATA[ *\/\nvar translations = {\"openlayer\":\"open layer\",\"openlayerAtStartup\":\"open layer at startup\",\"generateLink\":\"link to this map with opened layers\",\"shortDescription\":\"short description\",\"generatedShortCode\":\"to get a text control link paste this code in your wordpress editor\",\"closeLayer\":\"close layer\",\"cantGenerateLink\":\"put this string in the existing map short code to control this map\"};\n\/\/# sourceURL=osm-map-startup-js-extra\n\/* ]]> *\/\n<\/script>\n<script type=\"text\/javascript\" src=\"https:\/\/bardzogrubysmok.pl\/wycieczki\/wp-content\/plugins\/osm\/js\/osm-startup-lib.js?ver=V6.2.5\" id=\"osm-map-startup-js\"><\/script>\n\n        <div id=\"map_ol3js_1\"\n       class=\"osm-map-container undefined\"\n             data-map_name=\"undefined\"\n             data-map=\"map_ol3js_1\"\n             data-autoshow=\"no\"\n             style=\"width:100%;\n                    max-width:100%;\n                    height:450px;\n                    display:block;\n                    overflow:hidden;\n                    border:2px solid grey;\n                    position: relative;\">\n          <div id=\"map_ol3js_1_popup\" class=\"ol-popup\">\n            <a href=\"#\" id=\"map_ol3js_1_popup-closer\" class=\"ol-popup-closer\"><\/a>\n            <div id=\"map_ol3js_1_popup-content\"><\/div>\n          <\/div>\n        <\/div>\n    <script type=\"text\/javascript\">\n\t\t\t  vectorM['map_ol3js_1'] = [];\n\t        \n        var raster = getTileLayer(\"osm\",\"NoKey\");\t\t\t\n\n\t\t\t  var map_ol3js_1 = new ol.Map({\n\t\t\t\tinteractions: ol.interaction.defaults.defaults({mouseWheelZoom:false}),\n\t\t\t\tlayers: [raster],\n\t\t\t\ttarget: \"map_ol3js_1\",\n\t\t\t\tview: new ol.View({\n\t\t\t\t  center: ol.proj.transform([6.378,58.213], \"EPSG:4326\", \"EPSG:3857\"),\n\t\t\t\t  zoom: 9\n\t\t\t\t})\n\t\t\t  });\n\t\t\t  \n    var style_map_ol3js_1_0 = {\n      \"Point\": [new ol.style.Style({\n\n          image: new ol.style.Icon({\n            anchor: [0.5, 41],\n            anchorXUnits: \"fraction\",\n            anchorYUnits: \"pixels\",\n            opacity: 0.75,\n            src: \"https:\/\/bardzogrubysmok.pl\/wycieczki\/wp-content\/plugins\/osm\/icons\/mic_green_pinother_02.png\"\n          })\n      })],\n\n      \"LineString\": [new ol.style.Style({\n        stroke: new ol.style.Stroke({\n          color: \"green\",\n          width: 8\n        })\n      })],\n      \"MultiLineString\": [new ol.style.Style({\n        stroke: new ol.style.Stroke({\n          color: \"green\",\n          width: 4\n        })\n      })]\n    };\n\t\t  var vectorL0 = new ol.layer.Vector({\n\t\t\t\tsource: new ol.source.Vector({\n\t\t\t\turl:\"https:\/\/bardzogrubysmok.pl\/wycieczki\/wp-content\/uploads\/gpx\/2022Eurovelo-01Szczecin-Stepniczka.gpx\",\n\t\t\t\tformat: new ol.format.GPX({\n\t\t\t\t\textractStyles: false\n\t\t\t\t})\n\t\t\t}),\n\t\t\tzIndex: 92,\n\t\t\tstyle: function(feature, resolution) {return style_map_ol3js_1_0[feature.getGeometry().getType()];}\n\t\t  });\n\t\t  map_ol3js_1.addLayer(vectorL0);\n      var extension1 = ol.extent.createEmpty();\n      var curZoom1 = map_ol3js_1.getView().getZoom();\n\n      map_ol3js_1.getLayers().forEach(function(layer){\n         if(!layer.get(\"id\")) {     \n            layer.once(\"change\", function(e){\n               ol.extent.extend(extension1, (layer.getSource().getExtent()));\n               map_ol3js_1.getView().fit(extension1, {padding: [50, 50, 50, 50]});\n            });\n         }\n      });\n\n    \naddControls2Map(map_ol3js_1,0,0,3,0,5,6,7,0,1);\nosm_addPopupClickhandler(map_ol3js_1,  \"map_ol3js_1\"); \nosm_addMouseHover(map_ol3js_1); <\/script><br \/><\/p>\n\n\n\n<h5 class=\"wp-block-heading\">autobus<\/h5>\n\n\n\n<p>Dzie\u0144 zaczyna si\u0119 pobudk\u0105 o 2 w nocy, \u017ceby si\u0119 ogarn\u0105\u0107 i zajecha\u0107 na dworzec autobusowy. Wydawa\u0142oby si\u0119, \u017ce to najprostsza cz\u0119\u015b\u0107 wyprawy, w ko\u0144cu znamy Krak\u00f3w, a jednak \u201cpob\u0142\u0105dzili\u015bmy\u201d przy wje\u017adzie na dworzec. Niby dojazd jest oczywisty, ale gorzej to wychodzi, jak chce si\u0119 jecha\u0107 rowerem zgodnie z przepisami i nie robi\u0107 nic g\u0142upiego. Niemniej jednak trafili\u015bmy i czekamy na autobus. Kierowca autobusu zdziwi\u0142 si\u0119 na nasz widok, ale mieli\u015bmy wykupione bilety na przew\u00f3z rower\u00f3w, wi\u0119c nie m\u00f3g\u0142 protestowa\u0107. Rowery trafi\u0142y le\u017c\u0105co do jednego luku baga\u017cowego wraz z naszymi sakwami. Chyba ca\u0142kiem nie\u017ale im tam by\u0142o. Oko\u0142o godziny 3 odjazd i mo\u017cna si\u0119 troch\u0119 przespa\u0107, bo przed nami ok 9 godzin drogi do Szczecina, a potem perspektywa pokonania 60 km na miejsce noclegu.<\/p>\n\n\n\n<h5 class=\"wp-block-heading\">Szczecin<\/h5>\n\n\n\n<p>Szczecin wita nas pi\u0119knym s\u0142o\u0144cem i \u0142adn\u0105 pogod\u0105. Na dobry pocz\u0105tek zaje\u017cd\u017camy do kawiarni na kaw\u0119 i ciastko. Tam te\u017c przebieramy si\u0119 w bardziej letnie ciuchy. Ju\u017c widzimy plusy targania ca\u0142y czas ze sob\u0105 w sakwach wszystkich swoich rzeczy &#8211; w ka\u017cdym momencie mo\u017cna si\u0119 przebra\u0107.<\/p>\n\n\n\n<figure class=\"wp-block-gallery has-nested-images columns-2 wp-block-gallery-1 is-layout-flex wp-block-gallery-is-layout-flex\">\n<figure class=\"wp-block-image size-large\"><img loading=\"lazy\" decoding=\"async\" width=\"487\" height=\"365\" data-id=\"899\" src=\"https:\/\/bardzogrubysmok.pl\/wycieczki\/wp-content\/uploads\/2023\/05\/Waly-Chrobrego.jpg\" alt=\"Wa\u0142y Chrobrego\" class=\"wp-image-899\" srcset=\"https:\/\/bardzogrubysmok.pl\/wycieczki\/wp-content\/uploads\/2023\/05\/Waly-Chrobrego.jpg 487w, https:\/\/bardzogrubysmok.pl\/wycieczki\/wp-content\/uploads\/2023\/05\/Waly-Chrobrego-300x225.jpg 300w\" sizes=\"auto, (max-width: 487px) 100vw, 487px\" \/><figcaption class=\"wp-element-caption\">Wa\u0142y Chrobrego<\/figcaption><\/figure>\n\n\n\n<figure class=\"wp-block-image size-large\"><img loading=\"lazy\" decoding=\"async\" width=\"274\" height=\"365\" data-id=\"898\" src=\"https:\/\/bardzogrubysmok.pl\/wycieczki\/wp-content\/uploads\/2023\/05\/Zamek-Ksiazat-Pomorskich-w-Szczecinie.jpg\" alt=\"Zamek Ksi\u0105\u017c\u0105t Pomorskich w Szczecinie\" class=\"wp-image-898\" srcset=\"https:\/\/bardzogrubysmok.pl\/wycieczki\/wp-content\/uploads\/2023\/05\/Zamek-Ksiazat-Pomorskich-w-Szczecinie.jpg 274w, https:\/\/bardzogrubysmok.pl\/wycieczki\/wp-content\/uploads\/2023\/05\/Zamek-Ksiazat-Pomorskich-w-Szczecinie-225x300.jpg 225w\" sizes=\"auto, (max-width: 274px) 100vw, 274px\" \/><figcaption class=\"wp-element-caption\">Zamek Ksi\u0105\u017c\u0105t Pomorskich w Szczecinie<\/figcaption><\/figure>\n<\/figure>\n\n\n\n<p>W Szczecinie podje\u017cd\u017camy kolejno na Zamek Ksi\u0105\u017c\u0105t Pomorskich, na rynek, pod Wa\u0142y Chrobrego, pod D\u017awigozaura i pod pomnik Krzysztofa Jarzyny. Wcze\u015bniej nie byli\u015bmy w tym mie\u015bcie, wi\u0119c ch\u0119tnie je zwiedzamy. Zw\u0142aszcza intryguje nas po\u0142\u0105czenie zabytk\u00f3w z wsz\u0119dzie widocznymi d\u017awigami i \u017curawiami miasta portowego. Bardzo ciekawe miasto. Podobno jego uk\u0142ad urbanistyczny wzorowano na Pary\u017cu. Niestety nie mamy wi\u0119cej czasu, \u017ceby je bardziej eksplorowa\u0107.<\/p>\n\n\n\n<figure class=\"wp-block-gallery has-nested-images columns-2 wp-block-gallery-2 is-layout-flex wp-block-gallery-is-layout-flex\">\n<figure class=\"wp-block-image size-large\"><img loading=\"lazy\" decoding=\"async\" width=\"487\" height=\"365\" data-id=\"900\" src=\"https:\/\/bardzogrubysmok.pl\/wycieczki\/wp-content\/uploads\/2023\/05\/Dzwigozaury.jpg\" alt=\"D\u017awigozaury\" class=\"wp-image-900\" srcset=\"https:\/\/bardzogrubysmok.pl\/wycieczki\/wp-content\/uploads\/2023\/05\/Dzwigozaury.jpg 487w, https:\/\/bardzogrubysmok.pl\/wycieczki\/wp-content\/uploads\/2023\/05\/Dzwigozaury-300x225.jpg 300w\" sizes=\"auto, (max-width: 487px) 100vw, 487px\" \/><figcaption class=\"wp-element-caption\">D\u017awigozaury<\/figcaption><\/figure>\n\n\n\n<figure class=\"wp-block-image size-large\"><img loading=\"lazy\" decoding=\"async\" width=\"487\" height=\"365\" data-id=\"901\" src=\"https:\/\/bardzogrubysmok.pl\/wycieczki\/wp-content\/uploads\/2023\/05\/Krzysztof-Jarzyna-ze-Szczecina.jpg\" alt=\"Krzysztof Jarzyna ze Szczecina\" class=\"wp-image-901\" srcset=\"https:\/\/bardzogrubysmok.pl\/wycieczki\/wp-content\/uploads\/2023\/05\/Krzysztof-Jarzyna-ze-Szczecina.jpg 487w, https:\/\/bardzogrubysmok.pl\/wycieczki\/wp-content\/uploads\/2023\/05\/Krzysztof-Jarzyna-ze-Szczecina-300x225.jpg 300w\" sizes=\"auto, (max-width: 487px) 100vw, 487px\" \/><figcaption class=\"wp-element-caption\">Krzysztof Jarzyna ze Szczecina<\/figcaption><\/figure>\n<\/figure>\n\n\n\n<h5 class=\"wp-block-heading\">Blue Velo<\/h5>\n\n\n\n<p>Jedziemy \u015bcie\u017ck\u0105 rowerow\u0105 wzd\u0142u\u017c g\u0142\u00f3wnej drogi wjazdowej do miasta i obje\u017cd\u017camy zalew (?) Ma\u0142e D\u0105bie od jego prawej strony. Wskakujemy na tras\u0119 Blue Velo, a przynajmniej tak nam si\u0119 wydaje, bo jest oznaczona na mapach, natomiast oznacze\u0144 szlaku w rzeczywisto\u015bci nie znale\u017ali\u015bmy.<\/p>\n\n\n\n<p>Przeje\u017cd\u017camy ma\u0142ymi uliczkami przez ma\u0142e miejscowo\u015bci. W D\u0105biu podje\u017cd\u017camy na pla\u017c\u0119 &#8211; super to maj\u0105 tu zrobione. Za Lubczyn\u0105 oddalamy si\u0119 od zalew\u00f3w i pod\u0105\u017camy w stron\u0119 Goleniowa, do kt\u00f3rego nie wje\u017cd\u017camy, tylko go omijamy wcze\u015bniej i z powrotem powoli skr\u0119camy w stron\u0119 zalew\u00f3w.&nbsp;<\/p>\n\n\n\n<p>Ewidentnie si\u0119 pogubili\u015bmy, bo Blue Velo mia\u0142o wi\u0119cej jecha\u0107 bli\u017cej wody. Jest ju\u017c jednak p\u00f3\u017ano, jeste\u015bmy zm\u0119czeni po nocy w autobusie, wi\u0119c po prostu jedziemy przed siebie, byle do Stepniczki.&nbsp;<\/p>\n\n\n\n<p>Troch\u0119 jedziemy drogami w og\u00f3lnym ruchu, troch\u0119 przez \u0142\u0105ki, a troch\u0119 przez lasy. Stanowczo najprzyjemniejszy jest fragment bezpo\u015brednio przed Stepnic\u0105, kt\u00f3ry w pe\u0142ni prowadzi przez las, w tym le\u015bnymi drogami.<\/p>\n\n\n\n<h5 class=\"wp-block-heading\">Stepnica i Stepniczka<\/h5>\n\n\n\n<p>W Stepnicy si\u0119 nie zatrzymujemy &#8211; podjedziemy tu wieczorem co\u015b zje\u015b\u0107 i zrobi\u0107 zakupy na nast\u0119pny dzie\u0144. Przy okazji zobaczymy port i pla\u017c\u0119. Teraz doje\u017cd\u017camy do Stepniczki i tylko marzymy o tym, \u017ceby zsi\u0105\u015b\u0107 z rower\u00f3w i si\u0119 wzi\u0105\u0107 prysznic. Po prysznicu rzeczywi\u015bcie znajdujemy jeszcze si\u0142\u0119 na podjechanie do Stepnicy, zreszt\u0105 nie mamy innego wyj\u015bcia.<\/p>\n\n\n\n<figure class=\"wp-block-gallery has-nested-images columns-default is-cropped wp-block-gallery-3 is-layout-flex wp-block-gallery-is-layout-flex\">\n<figure class=\"wp-block-image size-large\"><a href=\"https:\/\/bardzogrubysmok.pl\/wycieczki\/stepnica\/\"><img loading=\"lazy\" decoding=\"async\" width=\"274\" height=\"365\" data-id=\"902\" src=\"https:\/\/bardzogrubysmok.pl\/wycieczki\/wp-content\/uploads\/2023\/05\/Stepnica.jpg\" alt=\"Stepnica\" class=\"wp-image-902\" srcset=\"https:\/\/bardzogrubysmok.pl\/wycieczki\/wp-content\/uploads\/2023\/05\/Stepnica.jpg 274w, https:\/\/bardzogrubysmok.pl\/wycieczki\/wp-content\/uploads\/2023\/05\/Stepnica-225x300.jpg 225w\" sizes=\"auto, (max-width: 274px) 100vw, 274px\" \/><\/a><figcaption class=\"wp-element-caption\">Stepnica<\/figcaption><\/figure>\n<\/figure>\n\n\n\n<p>Dzie\u0144 ko\u0144czymy zm\u0119czeni, ale zadowoleni.&nbsp;<\/p>\n\n\n\n<p>Do zobaczenia na kolejnym smoczym szlaku!<\/p>\n\n\n\n<br>\n<div id=\"NokautAdsResultContainer\">\n<div class=\"NokautWidgetCI\">\n<a href=\"http:\/\/www.nokaut.pl\/?pid=141866&amp;cid=2\" onclick=\"NokautPP.clickTracker();\" rel=\"nofollow\">\n<span class=\"NokautWidgetCILogo1\">nokaut<\/span><span class=\"NokautWidgetCILogo2\">.pl<\/span>\n<span class=\"NokautWidgetCISlogan\">&nbsp;por\u00f3wnywarka cen<\/span>\n<\/a>\n<\/div>\n<\/div>\n<script type=\"text\/javascript\">\nnokaut_ad_mode = \"multi\";\nnokaut_ad_type = \"category\";\nnokaut_ad_content = [470,651,5781,6226,7027,8828,9283,9659,9660,9671,11008];\nnokaut_ad_partner = 141866;\nnokaut_ad_channel = 2;\nnokaut_ad_format = \"300x250\";\nnokaut_ad_newpage = 1;\n<\/script>\n<script type=\"text\/javascript\" src=\"\/\/widget.nokaut.pl\/pp\/nokaut.js\" charset=\"utf-8\"><\/script>\n","protected":false},"excerpt":{"rendered":"<p>Pierwszy dzie\u0144 wyprawy Eurovelo 10 prowadzi nas ze Szczecina do Stepniczki. W\u0142a\u015bciwie jest to cz\u0119\u015b\u0107 trasy Blue Velo.<\/p>\n","protected":false},"author":1,"featured_media":900,"comment_status":"open","ping_status":"open","sticky":false,"template":"","format":"standard","meta":{"footnotes":""},"categories":[5,170],"tags":[66,61,70,99,21,62],"class_list":["post-638","post","type-post","status-publish","format-standard","has-post-thumbnail","hentry","category-na-rowerze","category-wzs","tag-blue-velo","tag-eurovelo","tag-eurovelo-10","tag-miasto-powiatowe","tag-rower","tag-zachodniopomorskie"],"yoast_head":"<!-- This site is optimized with the Yoast SEO plugin v27.4 - https:\/\/yoast.com\/product\/yoast-seo-wordpress\/ -->\n<title>Blue Velo - Dzie\u0144 1: Szczecin - Stepniczka - Smocze wycieczki<\/title>\n<meta name=\"description\" content=\"Pierwszy dzie\u0144 wyprawy Eurovelo 10 prowadzi nas ze Szczecina do Stepniczki. W\u0142a\u015bciwie jest to cz\u0119\u015b\u0107 trasy Blue Velo.\" \/>\n<meta name=\"robots\" content=\"index, follow, max-snippet:-1, max-image-preview:large, max-video-preview:-1\" \/>\n<link rel=\"canonical\" href=\"https:\/\/bardzogrubysmok.pl\/wycieczki\/blue-velo-dzien-1-szczecin-stepniczka\/\" \/>\n<meta property=\"og:locale\" content=\"pl_PL\" \/>\n<meta property=\"og:type\" content=\"article\" \/>\n<meta property=\"og:title\" content=\"Blue Velo - Dzie\u0144 1: Szczecin - Stepniczka - Smocze wycieczki\" \/>\n<meta property=\"og:description\" content=\"Pierwszy dzie\u0144 wyprawy Eurovelo 10 prowadzi nas ze Szczecina do Stepniczki. W\u0142a\u015bciwie jest to cz\u0119\u015b\u0107 trasy Blue Velo.\" \/>\n<meta property=\"og:url\" content=\"https:\/\/bardzogrubysmok.pl\/wycieczki\/blue-velo-dzien-1-szczecin-stepniczka\/\" \/>\n<meta property=\"og:site_name\" content=\"Smocze wycieczki\" \/>\n<meta property=\"article:published_time\" content=\"2022-06-04T18:56:40+00:00\" \/>\n<meta property=\"article:modified_time\" content=\"2025-09-26T20:03:39+00:00\" \/>\n<meta property=\"og:image\" content=\"https:\/\/bardzogrubysmok.pl\/wycieczki\/wp-content\/uploads\/2023\/05\/Dzwigozaury.jpg\" \/>\n\t<meta property=\"og:image:width\" content=\"487\" \/>\n\t<meta property=\"og:image:height\" content=\"365\" \/>\n\t<meta property=\"og:image:type\" content=\"image\/jpeg\" \/>\n<meta name=\"author\" content=\"Bardzo Gruby Smok\" \/>\n<meta name=\"twitter:card\" content=\"summary_large_image\" \/>\n<meta name=\"twitter:label1\" content=\"Napisane przez\" \/>\n\t<meta name=\"twitter:data1\" content=\"Bardzo Gruby Smok\" \/>\n\t<meta name=\"twitter:label2\" content=\"Szacowany czas czytania\" \/>\n\t<meta name=\"twitter:data2\" content=\"5 minut\" \/>\n<script type=\"application\/ld+json\" class=\"yoast-schema-graph\">{\"@context\":\"https:\\\/\\\/schema.org\",\"@graph\":[{\"@type\":[\"Article\",\"BlogPosting\"],\"@id\":\"https:\\\/\\\/bardzogrubysmok.pl\\\/wycieczki\\\/blue-velo-dzien-1-szczecin-stepniczka\\\/#article\",\"isPartOf\":{\"@id\":\"https:\\\/\\\/bardzogrubysmok.pl\\\/wycieczki\\\/blue-velo-dzien-1-szczecin-stepniczka\\\/\"},\"author\":{\"name\":\"Bardzo Gruby Smok\",\"@id\":\"https:\\\/\\\/bardzogrubysmok.pl\\\/wycieczki\\\/#\\\/schema\\\/person\\\/34c19df8fb03f397464a511ae78c4314\"},\"headline\":\"Blue Velo &#8211; Dzie\u0144 1: Szczecin &#8211; Stepniczka\",\"datePublished\":\"2022-06-04T18:56:40+00:00\",\"dateModified\":\"2025-09-26T20:03:39+00:00\",\"mainEntityOfPage\":{\"@id\":\"https:\\\/\\\/bardzogrubysmok.pl\\\/wycieczki\\\/blue-velo-dzien-1-szczecin-stepniczka\\\/\"},\"wordCount\":680,\"commentCount\":2,\"publisher\":{\"@id\":\"https:\\\/\\\/bardzogrubysmok.pl\\\/wycieczki\\\/#\\\/schema\\\/person\\\/34c19df8fb03f397464a511ae78c4314\"},\"image\":{\"@id\":\"https:\\\/\\\/bardzogrubysmok.pl\\\/wycieczki\\\/blue-velo-dzien-1-szczecin-stepniczka\\\/#primaryimage\"},\"thumbnailUrl\":\"https:\\\/\\\/bardzogrubysmok.pl\\\/wycieczki\\\/wp-content\\\/uploads\\\/2023\\\/05\\\/Dzwigozaury.jpg\",\"keywords\":[\"Blue Velo\",\"EuroVelo\",\"Eurovelo 10\",\"miasto powiatowe\",\"rower\",\"Zachodniopomorskie\"],\"articleSection\":[\"na rowerze\",\"Wok\u00f3\u0142 Zalewu Szczeci\u0144skiego\"],\"inLanguage\":\"pl-PL\",\"potentialAction\":[{\"@type\":\"CommentAction\",\"name\":\"Comment\",\"target\":[\"https:\\\/\\\/bardzogrubysmok.pl\\\/wycieczki\\\/blue-velo-dzien-1-szczecin-stepniczka\\\/#respond\"]}]},{\"@type\":\"WebPage\",\"@id\":\"https:\\\/\\\/bardzogrubysmok.pl\\\/wycieczki\\\/blue-velo-dzien-1-szczecin-stepniczka\\\/\",\"url\":\"https:\\\/\\\/bardzogrubysmok.pl\\\/wycieczki\\\/blue-velo-dzien-1-szczecin-stepniczka\\\/\",\"name\":\"Blue Velo - Dzie\u0144 1: Szczecin - Stepniczka - Smocze wycieczki\",\"isPartOf\":{\"@id\":\"https:\\\/\\\/bardzogrubysmok.pl\\\/wycieczki\\\/#website\"},\"primaryImageOfPage\":{\"@id\":\"https:\\\/\\\/bardzogrubysmok.pl\\\/wycieczki\\\/blue-velo-dzien-1-szczecin-stepniczka\\\/#primaryimage\"},\"image\":{\"@id\":\"https:\\\/\\\/bardzogrubysmok.pl\\\/wycieczki\\\/blue-velo-dzien-1-szczecin-stepniczka\\\/#primaryimage\"},\"thumbnailUrl\":\"https:\\\/\\\/bardzogrubysmok.pl\\\/wycieczki\\\/wp-content\\\/uploads\\\/2023\\\/05\\\/Dzwigozaury.jpg\",\"datePublished\":\"2022-06-04T18:56:40+00:00\",\"dateModified\":\"2025-09-26T20:03:39+00:00\",\"description\":\"Pierwszy dzie\u0144 wyprawy Eurovelo 10 prowadzi nas ze Szczecina do Stepniczki. W\u0142a\u015bciwie jest to cz\u0119\u015b\u0107 trasy Blue Velo.\",\"breadcrumb\":{\"@id\":\"https:\\\/\\\/bardzogrubysmok.pl\\\/wycieczki\\\/blue-velo-dzien-1-szczecin-stepniczka\\\/#breadcrumb\"},\"inLanguage\":\"pl-PL\",\"potentialAction\":[{\"@type\":\"ReadAction\",\"target\":[\"https:\\\/\\\/bardzogrubysmok.pl\\\/wycieczki\\\/blue-velo-dzien-1-szczecin-stepniczka\\\/\"]}]},{\"@type\":\"ImageObject\",\"inLanguage\":\"pl-PL\",\"@id\":\"https:\\\/\\\/bardzogrubysmok.pl\\\/wycieczki\\\/blue-velo-dzien-1-szczecin-stepniczka\\\/#primaryimage\",\"url\":\"https:\\\/\\\/bardzogrubysmok.pl\\\/wycieczki\\\/wp-content\\\/uploads\\\/2023\\\/05\\\/Dzwigozaury.jpg\",\"contentUrl\":\"https:\\\/\\\/bardzogrubysmok.pl\\\/wycieczki\\\/wp-content\\\/uploads\\\/2023\\\/05\\\/Dzwigozaury.jpg\",\"width\":487,\"height\":365,\"caption\":\"D\u017awigozaury\"},{\"@type\":\"BreadcrumbList\",\"@id\":\"https:\\\/\\\/bardzogrubysmok.pl\\\/wycieczki\\\/blue-velo-dzien-1-szczecin-stepniczka\\\/#breadcrumb\",\"itemListElement\":[{\"@type\":\"ListItem\",\"position\":1,\"name\":\"Strona g\u0142\u00f3wna\",\"item\":\"https:\\\/\\\/bardzogrubysmok.pl\\\/wycieczki\\\/\"},{\"@type\":\"ListItem\",\"position\":2,\"name\":\"Blue Velo &#8211; Dzie\u0144 1: Szczecin &#8211; Stepniczka\"}]},{\"@type\":\"WebSite\",\"@id\":\"https:\\\/\\\/bardzogrubysmok.pl\\\/wycieczki\\\/#website\",\"url\":\"https:\\\/\\\/bardzogrubysmok.pl\\\/wycieczki\\\/\",\"name\":\"Smocze wycieczki\",\"description\":\"\",\"publisher\":{\"@id\":\"https:\\\/\\\/bardzogrubysmok.pl\\\/wycieczki\\\/#\\\/schema\\\/person\\\/34c19df8fb03f397464a511ae78c4314\"},\"alternateName\":\"Smocze wycieczki\",\"potentialAction\":[{\"@type\":\"SearchAction\",\"target\":{\"@type\":\"EntryPoint\",\"urlTemplate\":\"https:\\\/\\\/bardzogrubysmok.pl\\\/wycieczki\\\/?s={search_term_string}\"},\"query-input\":{\"@type\":\"PropertyValueSpecification\",\"valueRequired\":true,\"valueName\":\"search_term_string\"}}],\"inLanguage\":\"pl-PL\"},{\"@type\":[\"Person\",\"Organization\"],\"@id\":\"https:\\\/\\\/bardzogrubysmok.pl\\\/wycieczki\\\/#\\\/schema\\\/person\\\/34c19df8fb03f397464a511ae78c4314\",\"name\":\"Bardzo Gruby Smok\",\"image\":{\"@type\":\"ImageObject\",\"inLanguage\":\"pl-PL\",\"@id\":\"https:\\\/\\\/bardzogrubysmok.pl\\\/wycieczki\\\/wp-content\\\/uploads\\\/2023\\\/04\\\/Logo-Bardzo-Gruby-Smok.png\",\"url\":\"https:\\\/\\\/bardzogrubysmok.pl\\\/wycieczki\\\/wp-content\\\/uploads\\\/2023\\\/04\\\/Logo-Bardzo-Gruby-Smok.png\",\"contentUrl\":\"https:\\\/\\\/bardzogrubysmok.pl\\\/wycieczki\\\/wp-content\\\/uploads\\\/2023\\\/04\\\/Logo-Bardzo-Gruby-Smok.png\",\"width\":400,\"height\":177,\"caption\":\"Bardzo Gruby Smok\"},\"logo\":{\"@id\":\"https:\\\/\\\/bardzogrubysmok.pl\\\/wycieczki\\\/wp-content\\\/uploads\\\/2023\\\/04\\\/Logo-Bardzo-Gruby-Smok.png\"},\"sameAs\":[\"https:\\\/\\\/bardzogrubysmok.pl\\\/wycieczki\"],\"url\":\"https:\\\/\\\/bardzogrubysmok.pl\\\/wycieczki\\\/author\\\/bardzogr_wyc\\\/\"}]}<\/script>\n<!-- \/ Yoast SEO plugin. -->","yoast_head_json":{"title":"Blue Velo - Dzie\u0144 1: Szczecin - Stepniczka - Smocze wycieczki","description":"Pierwszy dzie\u0144 wyprawy Eurovelo 10 prowadzi nas ze Szczecina do Stepniczki. W\u0142a\u015bciwie jest to cz\u0119\u015b\u0107 trasy Blue Velo.","robots":{"index":"index","follow":"follow","max-snippet":"max-snippet:-1","max-image-preview":"max-image-preview:large","max-video-preview":"max-video-preview:-1"},"canonical":"https:\/\/bardzogrubysmok.pl\/wycieczki\/blue-velo-dzien-1-szczecin-stepniczka\/","og_locale":"pl_PL","og_type":"article","og_title":"Blue Velo - Dzie\u0144 1: Szczecin - Stepniczka - Smocze wycieczki","og_description":"Pierwszy dzie\u0144 wyprawy Eurovelo 10 prowadzi nas ze Szczecina do Stepniczki. W\u0142a\u015bciwie jest to cz\u0119\u015b\u0107 trasy Blue Velo.","og_url":"https:\/\/bardzogrubysmok.pl\/wycieczki\/blue-velo-dzien-1-szczecin-stepniczka\/","og_site_name":"Smocze wycieczki","article_published_time":"2022-06-04T18:56:40+00:00","article_modified_time":"2025-09-26T20:03:39+00:00","og_image":[{"width":487,"height":365,"url":"https:\/\/bardzogrubysmok.pl\/wycieczki\/wp-content\/uploads\/2023\/05\/Dzwigozaury.jpg","type":"image\/jpeg"}],"author":"Bardzo Gruby Smok","twitter_card":"summary_large_image","twitter_misc":{"Napisane przez":"Bardzo Gruby Smok","Szacowany czas czytania":"5 minut"},"schema":{"@context":"https:\/\/schema.org","@graph":[{"@type":["Article","BlogPosting"],"@id":"https:\/\/bardzogrubysmok.pl\/wycieczki\/blue-velo-dzien-1-szczecin-stepniczka\/#article","isPartOf":{"@id":"https:\/\/bardzogrubysmok.pl\/wycieczki\/blue-velo-dzien-1-szczecin-stepniczka\/"},"author":{"name":"Bardzo Gruby Smok","@id":"https:\/\/bardzogrubysmok.pl\/wycieczki\/#\/schema\/person\/34c19df8fb03f397464a511ae78c4314"},"headline":"Blue Velo &#8211; Dzie\u0144 1: Szczecin &#8211; Stepniczka","datePublished":"2022-06-04T18:56:40+00:00","dateModified":"2025-09-26T20:03:39+00:00","mainEntityOfPage":{"@id":"https:\/\/bardzogrubysmok.pl\/wycieczki\/blue-velo-dzien-1-szczecin-stepniczka\/"},"wordCount":680,"commentCount":2,"publisher":{"@id":"https:\/\/bardzogrubysmok.pl\/wycieczki\/#\/schema\/person\/34c19df8fb03f397464a511ae78c4314"},"image":{"@id":"https:\/\/bardzogrubysmok.pl\/wycieczki\/blue-velo-dzien-1-szczecin-stepniczka\/#primaryimage"},"thumbnailUrl":"https:\/\/bardzogrubysmok.pl\/wycieczki\/wp-content\/uploads\/2023\/05\/Dzwigozaury.jpg","keywords":["Blue Velo","EuroVelo","Eurovelo 10","miasto powiatowe","rower","Zachodniopomorskie"],"articleSection":["na rowerze","Wok\u00f3\u0142 Zalewu Szczeci\u0144skiego"],"inLanguage":"pl-PL","potentialAction":[{"@type":"CommentAction","name":"Comment","target":["https:\/\/bardzogrubysmok.pl\/wycieczki\/blue-velo-dzien-1-szczecin-stepniczka\/#respond"]}]},{"@type":"WebPage","@id":"https:\/\/bardzogrubysmok.pl\/wycieczki\/blue-velo-dzien-1-szczecin-stepniczka\/","url":"https:\/\/bardzogrubysmok.pl\/wycieczki\/blue-velo-dzien-1-szczecin-stepniczka\/","name":"Blue Velo - Dzie\u0144 1: Szczecin - Stepniczka - Smocze wycieczki","isPartOf":{"@id":"https:\/\/bardzogrubysmok.pl\/wycieczki\/#website"},"primaryImageOfPage":{"@id":"https:\/\/bardzogrubysmok.pl\/wycieczki\/blue-velo-dzien-1-szczecin-stepniczka\/#primaryimage"},"image":{"@id":"https:\/\/bardzogrubysmok.pl\/wycieczki\/blue-velo-dzien-1-szczecin-stepniczka\/#primaryimage"},"thumbnailUrl":"https:\/\/bardzogrubysmok.pl\/wycieczki\/wp-content\/uploads\/2023\/05\/Dzwigozaury.jpg","datePublished":"2022-06-04T18:56:40+00:00","dateModified":"2025-09-26T20:03:39+00:00","description":"Pierwszy dzie\u0144 wyprawy Eurovelo 10 prowadzi nas ze Szczecina do Stepniczki. W\u0142a\u015bciwie jest to cz\u0119\u015b\u0107 trasy Blue Velo.","breadcrumb":{"@id":"https:\/\/bardzogrubysmok.pl\/wycieczki\/blue-velo-dzien-1-szczecin-stepniczka\/#breadcrumb"},"inLanguage":"pl-PL","potentialAction":[{"@type":"ReadAction","target":["https:\/\/bardzogrubysmok.pl\/wycieczki\/blue-velo-dzien-1-szczecin-stepniczka\/"]}]},{"@type":"ImageObject","inLanguage":"pl-PL","@id":"https:\/\/bardzogrubysmok.pl\/wycieczki\/blue-velo-dzien-1-szczecin-stepniczka\/#primaryimage","url":"https:\/\/bardzogrubysmok.pl\/wycieczki\/wp-content\/uploads\/2023\/05\/Dzwigozaury.jpg","contentUrl":"https:\/\/bardzogrubysmok.pl\/wycieczki\/wp-content\/uploads\/2023\/05\/Dzwigozaury.jpg","width":487,"height":365,"caption":"D\u017awigozaury"},{"@type":"BreadcrumbList","@id":"https:\/\/bardzogrubysmok.pl\/wycieczki\/blue-velo-dzien-1-szczecin-stepniczka\/#breadcrumb","itemListElement":[{"@type":"ListItem","position":1,"name":"Strona g\u0142\u00f3wna","item":"https:\/\/bardzogrubysmok.pl\/wycieczki\/"},{"@type":"ListItem","position":2,"name":"Blue Velo &#8211; Dzie\u0144 1: Szczecin &#8211; Stepniczka"}]},{"@type":"WebSite","@id":"https:\/\/bardzogrubysmok.pl\/wycieczki\/#website","url":"https:\/\/bardzogrubysmok.pl\/wycieczki\/","name":"Smocze wycieczki","description":"","publisher":{"@id":"https:\/\/bardzogrubysmok.pl\/wycieczki\/#\/schema\/person\/34c19df8fb03f397464a511ae78c4314"},"alternateName":"Smocze wycieczki","potentialAction":[{"@type":"SearchAction","target":{"@type":"EntryPoint","urlTemplate":"https:\/\/bardzogrubysmok.pl\/wycieczki\/?s={search_term_string}"},"query-input":{"@type":"PropertyValueSpecification","valueRequired":true,"valueName":"search_term_string"}}],"inLanguage":"pl-PL"},{"@type":["Person","Organization"],"@id":"https:\/\/bardzogrubysmok.pl\/wycieczki\/#\/schema\/person\/34c19df8fb03f397464a511ae78c4314","name":"Bardzo Gruby Smok","image":{"@type":"ImageObject","inLanguage":"pl-PL","@id":"https:\/\/bardzogrubysmok.pl\/wycieczki\/wp-content\/uploads\/2023\/04\/Logo-Bardzo-Gruby-Smok.png","url":"https:\/\/bardzogrubysmok.pl\/wycieczki\/wp-content\/uploads\/2023\/04\/Logo-Bardzo-Gruby-Smok.png","contentUrl":"https:\/\/bardzogrubysmok.pl\/wycieczki\/wp-content\/uploads\/2023\/04\/Logo-Bardzo-Gruby-Smok.png","width":400,"height":177,"caption":"Bardzo Gruby Smok"},"logo":{"@id":"https:\/\/bardzogrubysmok.pl\/wycieczki\/wp-content\/uploads\/2023\/04\/Logo-Bardzo-Gruby-Smok.png"},"sameAs":["https:\/\/bardzogrubysmok.pl\/wycieczki"],"url":"https:\/\/bardzogrubysmok.pl\/wycieczki\/author\/bardzogr_wyc\/"}]}},"_links":{"self":[{"href":"https:\/\/bardzogrubysmok.pl\/wycieczki\/wp-json\/wp\/v2\/posts\/638","targetHints":{"allow":["GET"]}}],"collection":[{"href":"https:\/\/bardzogrubysmok.pl\/wycieczki\/wp-json\/wp\/v2\/posts"}],"about":[{"href":"https:\/\/bardzogrubysmok.pl\/wycieczki\/wp-json\/wp\/v2\/types\/post"}],"author":[{"embeddable":true,"href":"https:\/\/bardzogrubysmok.pl\/wycieczki\/wp-json\/wp\/v2\/users\/1"}],"replies":[{"embeddable":true,"href":"https:\/\/bardzogrubysmok.pl\/wycieczki\/wp-json\/wp\/v2\/comments?post=638"}],"version-history":[{"count":10,"href":"https:\/\/bardzogrubysmok.pl\/wycieczki\/wp-json\/wp\/v2\/posts\/638\/revisions"}],"predecessor-version":[{"id":1593,"href":"https:\/\/bardzogrubysmok.pl\/wycieczki\/wp-json\/wp\/v2\/posts\/638\/revisions\/1593"}],"wp:featuredmedia":[{"embeddable":true,"href":"https:\/\/bardzogrubysmok.pl\/wycieczki\/wp-json\/wp\/v2\/media\/900"}],"wp:attachment":[{"href":"https:\/\/bardzogrubysmok.pl\/wycieczki\/wp-json\/wp\/v2\/media?parent=638"}],"wp:term":[{"taxonomy":"category","embeddable":true,"href":"https:\/\/bardzogrubysmok.pl\/wycieczki\/wp-json\/wp\/v2\/categories?post=638"},{"taxonomy":"post_tag","embeddable":true,"href":"https:\/\/bardzogrubysmok.pl\/wycieczki\/wp-json\/wp\/v2\/tags?post=638"}],"curies":[{"name":"wp","href":"https:\/\/api.w.org\/{rel}","templated":true}]}}