

{"id":5719,"date":"2024-08-19T14:02:00","date_gmt":"2024-08-19T12:02:00","guid":{"rendered":"https:\/\/bardzogrubysmok.pl\/wycieczki\/?p=5719"},"modified":"2025-07-21T20:41:25","modified_gmt":"2025-07-21T18:41:25","slug":"wies-ktora-nie-istnieje-radocyna","status":"publish","type":"post","link":"https:\/\/bardzogrubysmok.pl\/wycieczki\/wies-ktora-nie-istnieje-radocyna\/","title":{"rendered":"Wie\u015b, kt\u00f3ra nie istnieje: Radocyna"},"content":{"rendered":"\n<p>W Beskidzie Niskim jest sporo dawnych \u0142emkowskich wsi, kt\u00f3re ju\u017c nie istniej\u0105. Tym razem proponujemy p\u0119tl\u0119 przez Radocyn\u0119 i pi\u0119kne bukowe lasy.<\/p>\n\n\n\n<!--more-->\n\n\n\n<figure class=\"wp-block-table is-style-stripes\"><table><tbody><tr><td><strong>Rodzaj trasy:<\/strong><\/td><td>p\u0119tla<\/td><\/tr><tr><td><strong>Szlak:<\/strong><\/td><td>\u017c\u00f3\u0142ty + czarny + czerwony<\/td><\/tr><tr><td><strong>Liczba kilometr\u00f3w:<\/strong><\/td><td>ok 14 km<\/td><\/tr><tr><td><strong>Trudno\u015b\u0107:<\/strong><\/td><td>bardzo \u0142atwa<\/td><\/tr><tr><td><strong>Przewy\u017cszenia:<\/strong><\/td><td>300 m \u2191 300 m \u2193<\/td><\/tr><tr><td><strong>Schroniska:<\/strong><\/td><td>&#8211;<\/td><\/tr><tr><td><strong>Atrakcje dodatkowe:<\/strong><\/td><td>Radocyna &#8211; wie\u015b, kt\u00f3ra nie istnieje, cmentarz \u0142emkowski, ruiny szko\u0142y, cmentarz wojenny z I wojny \u015bwiatowej nr 43, cisza i brak ludzi<\/td><\/tr><tr><td><strong>Trasa:<\/strong><\/td><td><a href=\"https:\/\/mapa-turystyczna.pl\/route?q=49.4490570,21.3127220;49.4536210,21.3161420;49.4488240,21.3723790;49.4348872,21.3797379;49.4497760,21.3301440;49.4490570,21.3127220#49.44672\/21.35133\/14\">Konieczna przej\u015bcie graniczne &#8211; Radocyna &#8211; D\u0119bi Wierch &#8211; Beskid &#8211; Konieczna przej\u015bcie graniczne<\/a><\/td><\/tr><tr><td><strong>Szczyty:<\/strong><\/td><td>Beskid (692 m n.p.m.)<\/td><\/tr><tr><td><strong>Pasmo g\u00f3rskie:<\/strong><\/td><td>Beskid Niski<\/td><\/tr><tr><td><strong>GOT:<\/strong><\/td><td>16 punkt\u00f3w<\/td><\/tr><\/tbody><\/table><\/figure>\n\n\n<p><link rel='stylesheet' id='osm-ol3-css-css' href='https:\/\/bardzogrubysmok.pl\/wycieczki\/wp-content\/plugins\/osm\/js\/OL\/10.9.0\/ol.css?ver=6.9.4' type='text\/css' media='all' \/>\n<link rel='stylesheet' id='osm-ol3-ext-css-css' href='https:\/\/bardzogrubysmok.pl\/wycieczki\/wp-content\/plugins\/osm\/css\/osm_map_v3.css?ver=6.9.4' type='text\/css' media='all' \/>\n<link rel='stylesheet' id='osm-map-css-css' href='https:\/\/bardzogrubysmok.pl\/wycieczki\/wp-content\/plugins\/osm\/css\/osm_map.css?ver=6.9.4' type='text\/css' media='all' \/>\n<script type=\"text\/javascript\" src=\"https:\/\/bardzogrubysmok.pl\/wycieczki\/wp-includes\/js\/dist\/vendor\/wp-polyfill.min.js?ver=3.15.0\" id=\"wp-polyfill-js\"><\/script>\n<script type=\"text\/javascript\" src=\"https:\/\/bardzogrubysmok.pl\/wycieczki\/wp-content\/plugins\/osm\/js\/OL\/10.9.0\/ol.js?ver=10.9.0\" id=\"osm-ol3-library-js\"><\/script>\n<script type=\"text\/javascript\" src=\"https:\/\/bardzogrubysmok.pl\/wycieczki\/wp-content\/plugins\/osm\/js\/osm-v3-plugin-lib.js?ver=1.0.0\" id=\"osm-ol3-ext-library-js\"><\/script>\n<script type=\"text\/javascript\" src=\"https:\/\/bardzogrubysmok.pl\/wycieczki\/wp-content\/plugins\/osm\/js\/osm-metabox-events.js?ver=1.0.0\" id=\"osm-ol3-metabox-events-js\"><\/script>\n<script type=\"text\/javascript\" src=\"https:\/\/bardzogrubysmok.pl\/wycieczki\/wp-includes\/js\/jquery\/jquery.min.js?ver=3.7.1\" id=\"jquery-core-js\"><\/script>\n<script type=\"text\/javascript\" src=\"https:\/\/bardzogrubysmok.pl\/wycieczki\/wp-includes\/js\/jquery\/jquery-migrate.min.js?ver=3.4.1\" id=\"jquery-migrate-js\"><\/script>\n<script type=\"text\/javascript\" id=\"osm-map-startup-js-extra\">\n\/* <![CDATA[ *\/\nvar translations = {\"openlayer\":\"open layer\",\"openlayerAtStartup\":\"open layer at startup\",\"generateLink\":\"link to this map with opened layers\",\"shortDescription\":\"short description\",\"generatedShortCode\":\"to get a text control link paste this code in your wordpress editor\",\"closeLayer\":\"close layer\",\"cantGenerateLink\":\"put this string in the existing map short code to control this map\"};\n\/\/# sourceURL=osm-map-startup-js-extra\n\/* ]]> *\/\n<\/script>\n<script type=\"text\/javascript\" src=\"https:\/\/bardzogrubysmok.pl\/wycieczki\/wp-content\/plugins\/osm\/js\/osm-startup-lib.js?ver=V6.2.5\" id=\"osm-map-startup-js\"><\/script>\n\n        <div id=\"map_ol3js_1\"\n       class=\"osm-map-container undefined\"\n             data-map_name=\"undefined\"\n             data-map=\"map_ol3js_1\"\n             data-autoshow=\"no\"\n             style=\"width:100%;\n                    max-width:100%;\n                    height:450px;\n                    display:block;\n                    overflow:hidden;\n                    border:2px solid grey;\n                    position: relative;\">\n          <div id=\"map_ol3js_1_popup\" class=\"ol-popup\">\n            <a href=\"#\" id=\"map_ol3js_1_popup-closer\" class=\"ol-popup-closer\"><\/a>\n            <div id=\"map_ol3js_1_popup-content\"><\/div>\n          <\/div>\n        <\/div>\n    <script type=\"text\/javascript\">\n\t\t\t  vectorM['map_ol3js_1'] = [];\n\t        \n        var raster = getTileLayer(\"osm\",\"NoKey\");\t\t\t\n\n\t\t\t  var map_ol3js_1 = new ol.Map({\n\t\t\t\tinteractions: ol.interaction.defaults.defaults({mouseWheelZoom:false}),\n\t\t\t\tlayers: [raster],\n\t\t\t\ttarget: \"map_ol3js_1\",\n\t\t\t\tview: new ol.View({\n\t\t\t\t  center: ol.proj.transform([6.378,58.213], \"EPSG:4326\", \"EPSG:3857\"),\n\t\t\t\t  zoom: 9\n\t\t\t\t})\n\t\t\t  });\n\t\t\t  \n    var style_map_ol3js_1_0 = {\n      \"Point\": [new ol.style.Style({\n\n          image: new ol.style.Icon({\n            anchor: [0.5, 41],\n            anchorXUnits: \"fraction\",\n            anchorYUnits: \"pixels\",\n            opacity: 0.75,\n            src: \"https:\/\/bardzogrubysmok.pl\/wycieczki\/wp-content\/plugins\/osm\/icons\/mic_green_pinother_02.png\"\n          })\n      })],\n\n      \"LineString\": [new ol.style.Style({\n        stroke: new ol.style.Stroke({\n          color: \"green\",\n          width: 8\n        })\n      })],\n      \"MultiLineString\": [new ol.style.Style({\n        stroke: new ol.style.Stroke({\n          color: \"green\",\n          width: 4\n        })\n      })]\n    };\n\t\t  var vectorL0 = new ol.layer.Vector({\n\t\t\t\tsource: new ol.source.Vector({\n\t\t\t\turl:\"https:\/\/bardzogrubysmok.pl\/wycieczki\/wp-content\/uploads\/gpx\/2024BeskidNiski_Radocyna.gpx\",\n\t\t\t\tformat: new ol.format.GPX({\n\t\t\t\t\textractStyles: false\n\t\t\t\t})\n\t\t\t}),\n\t\t\tzIndex: 92,\n\t\t\tstyle: function(feature, resolution) {return style_map_ol3js_1_0[feature.getGeometry().getType()];}\n\t\t  });\n\t\t  map_ol3js_1.addLayer(vectorL0);\n      var extension1 = ol.extent.createEmpty();\n      var curZoom1 = map_ol3js_1.getView().getZoom();\n\n      map_ol3js_1.getLayers().forEach(function(layer){\n         if(!layer.get(\"id\")) {     \n            layer.once(\"change\", function(e){\n               ol.extent.extend(extension1, (layer.getSource().getExtent()));\n               map_ol3js_1.getView().fit(extension1, {padding: [50, 50, 50, 50]});\n            });\n         }\n      });\n\n    \naddControls2Map(map_ol3js_1,0,0,3,0,5,6,7,0,1);\nosm_addPopupClickhandler(map_ol3js_1,  \"map_ol3js_1\"); \nosm_addMouseHover(map_ol3js_1); <\/script><br \/><\/p>\n\n\n\n<p>Tym razem kr\u00f3tka trasa \u0142\u0105cz\u0105ca zar\u00f3wno spacer przez wie\u015b, kt\u00f3rej nie ma, jak i w\u0119dr\u00f3wk\u0119 przez las i pasmo g\u00f3r. Idziemy odkrywa\u0107 Radocyn\u0119!<\/p>\n\n\n\n<h3 class=\"wp-block-heading\">Konieczna<\/h3>\n\n\n\n<p>Samoch\u00f3d zostawiamy na parkingu przy dawnym przej\u015bciu granicznym w Koniecznej (na Prze\u0142\u0119czy Dujawa). Opr\u00f3cz nas parkuje tu ju\u017c kilka aut z baga\u017cnikami rowerowymi &#8211; jest to bowiem te\u017c dobre miejsce startowe na wycieczk\u0119 rowerow\u0105 po wsiach, kt\u00f3rych nie ma.<\/p>\n\n\n\n<p>Wchodzimy na \u017c\u00f3\u0142ty szlak. Pocz\u0105tkowe kilkadziesi\u0105t metr\u00f3w niestety prowadzi g\u0142\u00f3wn\u0105 drog\u0105 do granicy, ale na szcz\u0119\u015bcie nie ma tu \u017cadnych drzew, widoczno\u015b\u0107 jest bardzo dobra i wszelkie jad\u0105ce samochody (a nie ma ich du\u017co) omijaj\u0105 nas bezpiecznie. Zaraz te\u017c skr\u0119camy na drog\u0119 szutrow\u0105 prowadz\u0105c\u0105 ju\u017c do ce.u naszej wycieczki.<\/p>\n\n\n\n<p>Idziemy najpierw drog\u0105 mi\u0119dzy pastwiskami &#8211; z ka\u017cdej strony widzimy pas\u0105ce si\u0119 krowy, co bardzo \u0142adnie wygl\u0105da na tle g\u00f3r. Co ciekawe jednak, wej\u015bcie na niebieski szlak, kt\u00f3re tu mijamy i kt\u00f3ry to szlak rozwa\u017cali\u015bmy jako alternatyw\u0119 drogi powrotnej, jest zagrodzony jak pastwisko &#8211; w dodatku bez kr\u00f3w na nim.<\/p>\n\n\n\n<figure class=\"wp-block-gallery has-nested-images columns-2 is-cropped wp-block-gallery-1 is-layout-flex wp-block-gallery-is-layout-flex\">\n<figure class=\"wp-block-image size-large\"><a href=\"https:\/\/bardzogrubysmok.pl\/wycieczki\/wp-content\/uploads\/2024\/08\/krowy.jpg\"><img loading=\"lazy\" decoding=\"async\" width=\"1000\" height=\"750\" data-id=\"5808\" src=\"https:\/\/bardzogrubysmok.pl\/wycieczki\/wp-content\/uploads\/2024\/08\/krowy.jpg\" alt=\"krowy\" class=\"wp-image-5808\" srcset=\"https:\/\/bardzogrubysmok.pl\/wycieczki\/wp-content\/uploads\/2024\/08\/krowy.jpg 1000w, https:\/\/bardzogrubysmok.pl\/wycieczki\/wp-content\/uploads\/2024\/08\/krowy-300x225.jpg 300w, https:\/\/bardzogrubysmok.pl\/wycieczki\/wp-content\/uploads\/2024\/08\/krowy-768x576.jpg 768w, https:\/\/bardzogrubysmok.pl\/wycieczki\/wp-content\/uploads\/2024\/08\/krowy-850x638.jpg 850w\" sizes=\"auto, (max-width: 1000px) 100vw, 1000px\" \/><\/a><figcaption class=\"wp-element-caption\">krowy<\/figcaption><\/figure>\n\n\n\n<figure class=\"wp-block-image size-large\"><a href=\"https:\/\/bardzogrubysmok.pl\/wycieczki\/wp-content\/uploads\/2024\/08\/zolty-szlak-do-Radocyni.jpg\"><img loading=\"lazy\" decoding=\"async\" width=\"1000\" height=\"750\" data-id=\"5812\" src=\"https:\/\/bardzogrubysmok.pl\/wycieczki\/wp-content\/uploads\/2024\/08\/zolty-szlak-do-Radocyni.jpg\" alt=\"\u017c\u00f3\u0142ty szlak do Radocyni\" class=\"wp-image-5812\" srcset=\"https:\/\/bardzogrubysmok.pl\/wycieczki\/wp-content\/uploads\/2024\/08\/zolty-szlak-do-Radocyni.jpg 1000w, https:\/\/bardzogrubysmok.pl\/wycieczki\/wp-content\/uploads\/2024\/08\/zolty-szlak-do-Radocyni-300x225.jpg 300w, https:\/\/bardzogrubysmok.pl\/wycieczki\/wp-content\/uploads\/2024\/08\/zolty-szlak-do-Radocyni-768x576.jpg 768w, https:\/\/bardzogrubysmok.pl\/wycieczki\/wp-content\/uploads\/2024\/08\/zolty-szlak-do-Radocyni-850x638.jpg 850w\" sizes=\"auto, (max-width: 1000px) 100vw, 1000px\" \/><\/a><figcaption class=\"wp-element-caption\">\u017c\u00f3\u0142ty szlak do Radocyni<\/figcaption><\/figure>\n<\/figure>\n\n\n\n<p>Po przej\u015bciu pastwisk i \u0142\u0105k wchodzimy do lasu &#8211; wci\u0105\u017c szerok\u0105 szutrow\u0105 drog\u0105 wiod\u0105c\u0105 bardzo \u0142agodnie w g\u00f3r\u0119. Jest tu mn\u00f3stwo leszczyny, wi\u0119c mamy dodatkow\u0105 atrakcj\u0119 zbieraj\u0105c orzechy. Na ca\u0142ej trasie mijaj\u0105 nas dos\u0142ownie 2 auta.<\/p>\n\n\n\n<p>Co ciekawe, jest tu sporo sosen, modrzewi, buk\u00f3w, klon\u00f3w, ale nie trafili\u015bmy na ani jednego d\u0119ba. Gdy w\u015br\u00f3d drzew le\u015bnych zaczyna si\u0119 pojawia\u0107 coraz wi\u0119cej drzew owocowych, wiemy, \u017ce zbli\u017camy si\u0119 do wsi.<\/p>\n\n\n\n<h3 class=\"wp-block-heading\">Radocyna<\/h3>\n\n\n\n<p>Dochodzimy do wi\u0119kszej drogi przez dawn\u0105 wie\u015b. Tu skr\u0119camy w prawo na czarny szlak. Zaraz te\u017c natrafiamy na ruiny dawnej szko\u0142y i krzy\u017c przydro\u017cny.<\/p>\n\n\n\n<figure class=\"wp-block-gallery has-nested-images columns-2 is-cropped wp-block-gallery-2 is-layout-flex wp-block-gallery-is-layout-flex\">\n<figure class=\"wp-block-image size-large\"><a href=\"https:\/\/bardzogrubysmok.pl\/wycieczki\/wp-content\/uploads\/2024\/08\/ruiny-szkoly-w-Radocynie.jpg\"><img loading=\"lazy\" decoding=\"async\" width=\"1000\" height=\"750\" data-id=\"5811\" src=\"https:\/\/bardzogrubysmok.pl\/wycieczki\/wp-content\/uploads\/2024\/08\/ruiny-szkoly-w-Radocynie.jpg\" alt=\"ruiny szko\u0142y w Radocynie\" class=\"wp-image-5811\" srcset=\"https:\/\/bardzogrubysmok.pl\/wycieczki\/wp-content\/uploads\/2024\/08\/ruiny-szkoly-w-Radocynie.jpg 1000w, https:\/\/bardzogrubysmok.pl\/wycieczki\/wp-content\/uploads\/2024\/08\/ruiny-szkoly-w-Radocynie-300x225.jpg 300w, https:\/\/bardzogrubysmok.pl\/wycieczki\/wp-content\/uploads\/2024\/08\/ruiny-szkoly-w-Radocynie-768x576.jpg 768w, https:\/\/bardzogrubysmok.pl\/wycieczki\/wp-content\/uploads\/2024\/08\/ruiny-szkoly-w-Radocynie-850x638.jpg 850w\" sizes=\"auto, (max-width: 1000px) 100vw, 1000px\" \/><\/a><figcaption class=\"wp-element-caption\">ruiny szko\u0142y w Radocynie<\/figcaption><\/figure>\n\n\n\n<figure class=\"wp-block-image size-large\"><a href=\"https:\/\/bardzogrubysmok.pl\/wycieczki\/wp-content\/uploads\/2024\/08\/krzyz-przydrozny-w-Radocynie.jpg\"><img loading=\"lazy\" decoding=\"async\" width=\"1000\" height=\"750\" data-id=\"5809\" src=\"https:\/\/bardzogrubysmok.pl\/wycieczki\/wp-content\/uploads\/2024\/08\/krzyz-przydrozny-w-Radocynie.jpg\" alt=\"krzy\u017c przydro\u017cny w Radocynie\" class=\"wp-image-5809\" srcset=\"https:\/\/bardzogrubysmok.pl\/wycieczki\/wp-content\/uploads\/2024\/08\/krzyz-przydrozny-w-Radocynie.jpg 1000w, https:\/\/bardzogrubysmok.pl\/wycieczki\/wp-content\/uploads\/2024\/08\/krzyz-przydrozny-w-Radocynie-300x225.jpg 300w, https:\/\/bardzogrubysmok.pl\/wycieczki\/wp-content\/uploads\/2024\/08\/krzyz-przydrozny-w-Radocynie-768x576.jpg 768w, https:\/\/bardzogrubysmok.pl\/wycieczki\/wp-content\/uploads\/2024\/08\/krzyz-przydrozny-w-Radocynie-850x638.jpg 850w\" sizes=\"auto, (max-width: 1000px) 100vw, 1000px\" \/><\/a><figcaption class=\"wp-element-caption\">krzy\u017c przydro\u017cny w Radocynie<\/figcaption><\/figure>\n<\/figure>\n\n\n\n<p>Kawa\u0142ek dalej znajduj\u0105 si\u0119 dwa s\u0105siaduj\u0105ce ze sob\u0105 cmentarze: bardzo \u0142adnie zadbany cmentarz z I wojny \u015bwiatowej z rosyjskimi \u017co\u0142nierzami i napisami po niemiecku. Za p\u0142otem natomiast jest cmentarz wiejski \u0142emkowski &#8211; zniszczony i zaro\u015bni\u0119ty traw\u0105.<\/p>\n\n\n\n<figure class=\"wp-block-gallery has-nested-images columns-2 is-cropped wp-block-gallery-3 is-layout-flex wp-block-gallery-is-layout-flex\">\n<figure class=\"wp-block-image size-large\"><a href=\"https:\/\/bardzogrubysmok.pl\/wycieczki\/wp-content\/uploads\/2024\/08\/cmentarz-wojenny-w-Radocynie.jpg\"><img loading=\"lazy\" decoding=\"async\" width=\"1000\" height=\"750\" data-id=\"5806\" src=\"https:\/\/bardzogrubysmok.pl\/wycieczki\/wp-content\/uploads\/2024\/08\/cmentarz-wojenny-w-Radocynie.jpg\" alt=\"cmentarz wojenny w Radocynie\" class=\"wp-image-5806\" srcset=\"https:\/\/bardzogrubysmok.pl\/wycieczki\/wp-content\/uploads\/2024\/08\/cmentarz-wojenny-w-Radocynie.jpg 1000w, https:\/\/bardzogrubysmok.pl\/wycieczki\/wp-content\/uploads\/2024\/08\/cmentarz-wojenny-w-Radocynie-300x225.jpg 300w, https:\/\/bardzogrubysmok.pl\/wycieczki\/wp-content\/uploads\/2024\/08\/cmentarz-wojenny-w-Radocynie-768x576.jpg 768w, https:\/\/bardzogrubysmok.pl\/wycieczki\/wp-content\/uploads\/2024\/08\/cmentarz-wojenny-w-Radocynie-850x638.jpg 850w\" sizes=\"auto, (max-width: 1000px) 100vw, 1000px\" \/><\/a><figcaption class=\"wp-element-caption\">cmentarz wojenny w Radocynie<\/figcaption><\/figure>\n\n\n\n<figure class=\"wp-block-image size-large\"><a href=\"https:\/\/bardzogrubysmok.pl\/wycieczki\/wp-content\/uploads\/2024\/08\/cmentarz-lemkowski-w-Radocynie.jpg\"><img loading=\"lazy\" decoding=\"async\" width=\"1000\" height=\"750\" data-id=\"5807\" src=\"https:\/\/bardzogrubysmok.pl\/wycieczki\/wp-content\/uploads\/2024\/08\/cmentarz-lemkowski-w-Radocynie.jpg\" alt=\"cmentarz \u0142emkowski w Radocynie\" class=\"wp-image-5807\" srcset=\"https:\/\/bardzogrubysmok.pl\/wycieczki\/wp-content\/uploads\/2024\/08\/cmentarz-lemkowski-w-Radocynie.jpg 1000w, https:\/\/bardzogrubysmok.pl\/wycieczki\/wp-content\/uploads\/2024\/08\/cmentarz-lemkowski-w-Radocynie-300x225.jpg 300w, https:\/\/bardzogrubysmok.pl\/wycieczki\/wp-content\/uploads\/2024\/08\/cmentarz-lemkowski-w-Radocynie-768x576.jpg 768w, https:\/\/bardzogrubysmok.pl\/wycieczki\/wp-content\/uploads\/2024\/08\/cmentarz-lemkowski-w-Radocynie-850x638.jpg 850w\" sizes=\"auto, (max-width: 1000px) 100vw, 1000px\" \/><\/a><figcaption class=\"wp-element-caption\">cmentarz \u0142emkowski w Radocynie<\/figcaption><\/figure>\n<\/figure>\n\n\n\n<p>Na cmentarzu znajduje si\u0119 du\u017ca tablica informacyjna dotycz\u0105ca Radocyny. By\u0142a to \u0142emkowska wie\u015b g\u0142\u00f3wnie grekokatolik\u00f3w, kt\u00f3rzy zmienili wiar\u0119 na prawos\u0142awie. Poza nimi by\u0142a rodzina \u017cydowska i rodzina Cygan\u00f3w kowali. W dwudziestoleciu mi\u0119dzywojennym wie\u015b by\u0142a rozwini\u0119ta jak na tamte czasy i oddalenie od wi\u0119kszej cywilizacji &#8211; funkcjonowa\u0142y tu a\u017c 2 sklepy, szko\u0142a, czytelnia a nawet wiejski teatr. A potem przysz\u0142a wojna i akcja &#8222;Wis\u0142a&#8221;&#8230;<\/p>\n\n\n\n<figure class=\"wp-block-gallery has-nested-images columns-2 is-cropped wp-block-gallery-4 is-layout-flex wp-block-gallery-is-layout-flex\">\n<figure class=\"wp-block-image size-large\"><a href=\"https:\/\/bardzogrubysmok.pl\/wycieczki\/wp-content\/uploads\/2024\/08\/Radocyna-tablica-informacyjna.jpg\"><img loading=\"lazy\" decoding=\"async\" width=\"1000\" height=\"750\" data-id=\"5810\" src=\"https:\/\/bardzogrubysmok.pl\/wycieczki\/wp-content\/uploads\/2024\/08\/Radocyna-tablica-informacyjna.jpg\" alt=\"Radocyna - tablica informacyjna\" class=\"wp-image-5810\" srcset=\"https:\/\/bardzogrubysmok.pl\/wycieczki\/wp-content\/uploads\/2024\/08\/Radocyna-tablica-informacyjna.jpg 1000w, https:\/\/bardzogrubysmok.pl\/wycieczki\/wp-content\/uploads\/2024\/08\/Radocyna-tablica-informacyjna-300x225.jpg 300w, https:\/\/bardzogrubysmok.pl\/wycieczki\/wp-content\/uploads\/2024\/08\/Radocyna-tablica-informacyjna-768x576.jpg 768w, https:\/\/bardzogrubysmok.pl\/wycieczki\/wp-content\/uploads\/2024\/08\/Radocyna-tablica-informacyjna-850x638.jpg 850w\" sizes=\"auto, (max-width: 1000px) 100vw, 1000px\" \/><\/a><figcaption class=\"wp-element-caption\">Radocyna &#8211; tablica informacyjna<\/figcaption><\/figure>\n<\/figure>\n\n\n\n<p>Idziemy drog\u0105 &#8222;przez wie\u015b&#8221; i natrafiamy na nowy budynek &#8211; jest tu tworzona pasieka. Pszcz\u00f3\u0142kom powinno by\u0107 dobrze w takim miejscu. Mijamy liczne \u0142\u0105ki na niewielkich wzg\u00f3rzach.<\/p>\n\n\n\n<figure class=\"wp-block-gallery has-nested-images columns-2 is-cropped wp-block-gallery-5 is-layout-flex wp-block-gallery-is-layout-flex\">\n<figure class=\"wp-block-image size-large\"><a href=\"https:\/\/bardzogrubysmok.pl\/wycieczki\/wp-content\/uploads\/2024\/08\/Radocyna-laki.jpg\"><img loading=\"lazy\" decoding=\"async\" width=\"1000\" height=\"750\" data-id=\"5801\" src=\"https:\/\/bardzogrubysmok.pl\/wycieczki\/wp-content\/uploads\/2024\/08\/Radocyna-laki.jpg\" alt=\"Radocyna - \u0142\u0105ki\" class=\"wp-image-5801\" srcset=\"https:\/\/bardzogrubysmok.pl\/wycieczki\/wp-content\/uploads\/2024\/08\/Radocyna-laki.jpg 1000w, https:\/\/bardzogrubysmok.pl\/wycieczki\/wp-content\/uploads\/2024\/08\/Radocyna-laki-300x225.jpg 300w, https:\/\/bardzogrubysmok.pl\/wycieczki\/wp-content\/uploads\/2024\/08\/Radocyna-laki-768x576.jpg 768w, https:\/\/bardzogrubysmok.pl\/wycieczki\/wp-content\/uploads\/2024\/08\/Radocyna-laki-850x638.jpg 850w\" sizes=\"auto, (max-width: 1000px) 100vw, 1000px\" \/><\/a><figcaption class=\"wp-element-caption\">Radocyna &#8211; \u0142\u0105ki<\/figcaption><\/figure>\n<\/figure>\n\n\n\n<p>Po pokonaniu kilku zakr\u0119t\u00f3w drogi nale\u017cy bardzo uwa\u017ca\u0107, \u017ceby si\u0119 nie zgubi\u0107. Droga wiedzie dalej w lewo, natomiast szlak prowadzi w trawy i chaszcze. Na skraju lasu znajduje si\u0119 (niewidoczna z drogi) wiata. Dalej pokona\u0107 trzeba jeszcze 2 polany po\u015brodku niczego &#8211; panuje tu tylko natura i cisza.<\/p>\n\n\n\n<h3 class=\"wp-block-heading\">Prze\u0142\u0119cz pod D\u0119bim Wierchem<\/h3>\n\n\n\n<p>W ko\u0144cu docieramy do Prze\u0142\u0119czy pod D\u0119bim Wierchem. Tu skr\u0119camy w prawo na niebieski szlak. A w\u0142a\u015bciwie to niebieski i czerwony id\u0105ce razem wzd\u0142u\u017c granicy. I to szlaku czerwonego si\u0119 trzymamy, bo on wiedzie prosto na przej\u015bcie graniczne w Koniecznej. A szlak niebieski doprowadzi\u0142by nas, jak wiemy, do zagrodzonego pastwiska.<\/p>\n\n\n\n<figure class=\"wp-block-gallery has-nested-images columns-2 is-cropped wp-block-gallery-6 is-layout-flex wp-block-gallery-is-layout-flex\">\n<figure class=\"wp-block-image size-large\"><a href=\"https:\/\/bardzogrubysmok.pl\/wycieczki\/wp-content\/uploads\/2024\/08\/Przelecz-pod-Debim-Wierchem.jpg\"><img loading=\"lazy\" decoding=\"async\" width=\"1000\" height=\"750\" data-id=\"5802\" src=\"https:\/\/bardzogrubysmok.pl\/wycieczki\/wp-content\/uploads\/2024\/08\/Przelecz-pod-Debim-Wierchem.jpg\" alt=\"Prze\u0142\u0119cz pod D\u0119bim Wierchem\" class=\"wp-image-5802\" srcset=\"https:\/\/bardzogrubysmok.pl\/wycieczki\/wp-content\/uploads\/2024\/08\/Przelecz-pod-Debim-Wierchem.jpg 1000w, https:\/\/bardzogrubysmok.pl\/wycieczki\/wp-content\/uploads\/2024\/08\/Przelecz-pod-Debim-Wierchem-300x225.jpg 300w, https:\/\/bardzogrubysmok.pl\/wycieczki\/wp-content\/uploads\/2024\/08\/Przelecz-pod-Debim-Wierchem-768x576.jpg 768w, https:\/\/bardzogrubysmok.pl\/wycieczki\/wp-content\/uploads\/2024\/08\/Przelecz-pod-Debim-Wierchem-850x638.jpg 850w\" sizes=\"auto, (max-width: 1000px) 100vw, 1000px\" \/><\/a><figcaption class=\"wp-element-caption\">Prze\u0142\u0119cz pod D\u0119bim Wierchem<\/figcaption><\/figure>\n<\/figure>\n\n\n\n<p>Tutaj wchodzimy w zupe\u0142nie inny \u015bwiat. Na ca\u0142ej trasie a\u017c do ko\u0144ca wycieczki idziemy przez las &#8211; w wi\u0119kszo\u015bci przepi\u0119kny, widny las bukowy. Idziemy wci\u0105\u017c delikatnie pod g\u00f3r\u0119, przy czym nachylenie jest niewielkie. Dopiero gdy docieramy do szczytu (nie jest on ani wyra\u017anie widoczny, ani oznaczony w \u017caden spos\u00f3b) Beskid zaczyna si\u0119 nachylenie w d\u00f3\u0142 &#8211; jest ono bardziej zauwa\u017calne ni\u017c to w g\u00f3r\u0119, ale wci\u0105\u017c \u0142agodne.<\/p>\n\n\n\n<figure class=\"wp-block-gallery has-nested-images columns-2 is-cropped wp-block-gallery-7 is-layout-flex wp-block-gallery-is-layout-flex\">\n<figure class=\"wp-block-image size-large\"><a href=\"https:\/\/bardzogrubysmok.pl\/wycieczki\/wp-content\/uploads\/2024\/08\/las-bukowy-miedzy-Radocyna-a-Konieczna-2.jpg\"><img loading=\"lazy\" decoding=\"async\" width=\"1000\" height=\"750\" data-id=\"5804\" src=\"https:\/\/bardzogrubysmok.pl\/wycieczki\/wp-content\/uploads\/2024\/08\/las-bukowy-miedzy-Radocyna-a-Konieczna-2.jpg\" alt=\"las bukowy mi\u0119dzy Radocyn\u0105 a Konieczn\u0105\" class=\"wp-image-5804\" srcset=\"https:\/\/bardzogrubysmok.pl\/wycieczki\/wp-content\/uploads\/2024\/08\/las-bukowy-miedzy-Radocyna-a-Konieczna-2.jpg 1000w, https:\/\/bardzogrubysmok.pl\/wycieczki\/wp-content\/uploads\/2024\/08\/las-bukowy-miedzy-Radocyna-a-Konieczna-2-300x225.jpg 300w, https:\/\/bardzogrubysmok.pl\/wycieczki\/wp-content\/uploads\/2024\/08\/las-bukowy-miedzy-Radocyna-a-Konieczna-2-768x576.jpg 768w, https:\/\/bardzogrubysmok.pl\/wycieczki\/wp-content\/uploads\/2024\/08\/las-bukowy-miedzy-Radocyna-a-Konieczna-2-850x638.jpg 850w\" sizes=\"auto, (max-width: 1000px) 100vw, 1000px\" \/><\/a><figcaption class=\"wp-element-caption\">las bukowy mi\u0119dzy Radocyn\u0105 a Konieczn\u0105<\/figcaption><\/figure>\n\n\n\n<figure class=\"wp-block-image size-large\"><a href=\"https:\/\/bardzogrubysmok.pl\/wycieczki\/wp-content\/uploads\/2024\/08\/las-bukowy-miedzy-Radocyna-a-Konieczna.jpg\"><img loading=\"lazy\" decoding=\"async\" width=\"1000\" height=\"750\" data-id=\"5803\" src=\"https:\/\/bardzogrubysmok.pl\/wycieczki\/wp-content\/uploads\/2024\/08\/las-bukowy-miedzy-Radocyna-a-Konieczna.jpg\" alt=\"las bukowy mi\u0119dzy Radocyn\u0105 a Konieczn\u0105\" class=\"wp-image-5803\" srcset=\"https:\/\/bardzogrubysmok.pl\/wycieczki\/wp-content\/uploads\/2024\/08\/las-bukowy-miedzy-Radocyna-a-Konieczna.jpg 1000w, https:\/\/bardzogrubysmok.pl\/wycieczki\/wp-content\/uploads\/2024\/08\/las-bukowy-miedzy-Radocyna-a-Konieczna-300x225.jpg 300w, https:\/\/bardzogrubysmok.pl\/wycieczki\/wp-content\/uploads\/2024\/08\/las-bukowy-miedzy-Radocyna-a-Konieczna-768x576.jpg 768w, https:\/\/bardzogrubysmok.pl\/wycieczki\/wp-content\/uploads\/2024\/08\/las-bukowy-miedzy-Radocyna-a-Konieczna-850x638.jpg 850w\" sizes=\"auto, (max-width: 1000px) 100vw, 1000px\" \/><\/a><figcaption class=\"wp-element-caption\">las bukowy mi\u0119dzy Radocyn\u0105 a Konieczn\u0105<\/figcaption><\/figure>\n<\/figure>\n\n\n\n<p>W ko\u0144cu docieramy do du\u017cej polany po stronie s\u0142owackiej. Widok tu jest podobny jak na pocz\u0105tku naszej w\u0119dr\u00f3wki dzisiejszej z t\u0105 r\u00f3\u017cnic\u0105, \u017ce znajdujemy si\u0119 wy\u017cej i nie ma tu pas\u0105cych si\u0119 kr\u00f3w. W pewnym momencie wida\u0107 st\u0105d budynek dawnego przej\u015bcia granicznego.<\/p>\n\n\n\n<figure class=\"wp-block-gallery has-nested-images columns-2 is-cropped wp-block-gallery-8 is-layout-flex wp-block-gallery-is-layout-flex\">\n<figure class=\"wp-block-image size-large\"><a href=\"https:\/\/bardzogrubysmok.pl\/wycieczki\/wp-content\/uploads\/2024\/08\/laka-przed-Przelecza-Dujawa.jpg\"><img loading=\"lazy\" decoding=\"async\" width=\"1000\" height=\"750\" data-id=\"5805\" src=\"https:\/\/bardzogrubysmok.pl\/wycieczki\/wp-content\/uploads\/2024\/08\/laka-przed-Przelecza-Dujawa.jpg\" alt=\"\u0142\u0105ka przed Prze\u0142\u0119cz\u0105 Dujawa\" class=\"wp-image-5805\" srcset=\"https:\/\/bardzogrubysmok.pl\/wycieczki\/wp-content\/uploads\/2024\/08\/laka-przed-Przelecza-Dujawa.jpg 1000w, https:\/\/bardzogrubysmok.pl\/wycieczki\/wp-content\/uploads\/2024\/08\/laka-przed-Przelecza-Dujawa-300x225.jpg 300w, https:\/\/bardzogrubysmok.pl\/wycieczki\/wp-content\/uploads\/2024\/08\/laka-przed-Przelecza-Dujawa-768x576.jpg 768w, https:\/\/bardzogrubysmok.pl\/wycieczki\/wp-content\/uploads\/2024\/08\/laka-przed-Przelecza-Dujawa-850x638.jpg 850w\" sizes=\"auto, (max-width: 1000px) 100vw, 1000px\" \/><\/a><figcaption class=\"wp-element-caption\">\u0142\u0105ka przed Prze\u0142\u0119cz\u0105 Dujawa<\/figcaption><\/figure>\n<\/figure>\n\n\n\n<p>Na sam koniec, ostatnie kilkadziesi\u0105t metr\u00f3w, znowu wchodzimy do lasu &#8211; tu te\u017c warto uwa\u017ca\u0107, \u017ceby nie zgubi\u0107 szlaku. Z lasu wychodzimy dos\u0142ownie na przej\u015bciu granicznym po stronie s\u0142owackiej, sk\u0105d tylko kilka metr\u00f3w dzieli nas od parkingu i samochodu.<\/p>\n\n\n\n<p>Dzisiejsza wycieczka by\u0142a bardzo przyjemna, niewymagaj\u0105ca, a przy tym, urozmaicona widokowo i przyrodniczo. A na ca\u0142ej trasie spotkali\u015bmy tylko 4 piechur\u00f3w, 4 rowerzyst\u00f3w i 1 pszczelarza&#8230;<\/p>\n\n\n\n<p>Do zobaczenia na kolejnym smoczym szlaku!<\/p>\n\n\n\n<br>\n<div id=\"NokautAdsResultContainer\">\n<div class=\"NokautWidgetCI\">\n<a href=\"http:\/\/www.nokaut.pl\/?pid=141866&amp;cid=2\" onclick=\"NokautPP.clickTracker();\" rel=\"nofollow\">\n<span class=\"NokautWidgetCILogo1\">nokaut<\/span><span class=\"NokautWidgetCILogo2\">.pl<\/span>\n<span class=\"NokautWidgetCISlogan\">&nbsp;por\u00f3wnywarka cen<\/span>\n<\/a>\n<\/div>\n<\/div>\n<script type=\"text\/javascript\">\nnokaut_ad_mode = \"multi\";\nnokaut_ad_type = \"category\";\nnokaut_ad_content = [5781,5891,7027,8828,9174,9175,9178,9179,9180,9186,9187,9188,9189,9190,9200,9283,11008];\nnokaut_ad_partner = 141866;\nnokaut_ad_channel = 2;\nnokaut_ad_format = \"750x150\";\nnokaut_ad_newpage = 1;\n<\/script>\n<script type=\"text\/javascript\" src=\"\/\/widget.nokaut.pl\/pp\/nokaut.js\" charset=\"utf-8\"><\/script>\n","protected":false},"excerpt":{"rendered":"<p>W Beskidzie Niskim jest sporo dawnych \u0142emkowskich wsi, kt\u00f3re ju\u017c nie istniej\u0105. Tym razem proponujemy p\u0119tl\u0119 przez Radocyn\u0119 i pi\u0119kne bukowe lasy.<\/p>\n","protected":false},"author":1,"featured_media":5801,"comment_status":"open","ping_status":"open","sticky":false,"template":"","format":"standard","meta":{"footnotes":""},"categories":[50,8,6],"tags":[138,105,41,54,55],"class_list":["post-5719","post","type-post","status-publish","format-standard","has-post-thumbnail","hentry","category-beskid-niski","category-gory","category-na-spacerze","tag-beskid-niski","tag-beskidy","tag-gory","tag-spacer","tag-wedrowka"],"yoast_head":"<!-- This site is optimized with the Yoast SEO plugin v27.4 - https:\/\/yoast.com\/product\/yoast-seo-wordpress\/ -->\n<title>Wie\u015b, kt\u00f3ra nie istnieje: Radocyna - Smocze wycieczki<\/title>\n<meta name=\"description\" content=\"W Beskidzie Niskim jest sporo dawnych \u0142emkowskich wsi, kt\u00f3re ju\u017c nie istniej\u0105. Tym razem proponujemy p\u0119tl\u0119 przez Radocyn\u0119 i pi\u0119kne bukowe lasy.\" \/>\n<meta name=\"robots\" content=\"index, follow, max-snippet:-1, max-image-preview:large, max-video-preview:-1\" \/>\n<link rel=\"canonical\" href=\"https:\/\/bardzogrubysmok.pl\/wycieczki\/wies-ktora-nie-istnieje-radocyna\/\" \/>\n<meta property=\"og:locale\" content=\"pl_PL\" \/>\n<meta property=\"og:type\" content=\"article\" \/>\n<meta property=\"og:title\" content=\"Wie\u015b, kt\u00f3ra nie istnieje: Radocyna - Smocze wycieczki\" \/>\n<meta property=\"og:description\" content=\"W Beskidzie Niskim jest sporo dawnych \u0142emkowskich wsi, kt\u00f3re ju\u017c nie istniej\u0105. Tym razem proponujemy p\u0119tl\u0119 przez Radocyn\u0119 i pi\u0119kne bukowe lasy.\" \/>\n<meta property=\"og:url\" content=\"https:\/\/bardzogrubysmok.pl\/wycieczki\/wies-ktora-nie-istnieje-radocyna\/\" \/>\n<meta property=\"og:site_name\" content=\"Smocze wycieczki\" \/>\n<meta property=\"article:published_time\" content=\"2024-08-19T12:02:00+00:00\" \/>\n<meta property=\"article:modified_time\" content=\"2025-07-21T18:41:25+00:00\" \/>\n<meta property=\"og:image\" content=\"https:\/\/bardzogrubysmok.pl\/wycieczki\/wp-content\/uploads\/2024\/08\/Radocyna-laki.jpg\" \/>\n\t<meta property=\"og:image:width\" content=\"1000\" \/>\n\t<meta property=\"og:image:height\" content=\"750\" \/>\n\t<meta property=\"og:image:type\" content=\"image\/jpeg\" \/>\n<meta name=\"author\" content=\"Bardzo Gruby Smok\" \/>\n<meta name=\"twitter:card\" content=\"summary_large_image\" \/>\n<meta name=\"twitter:label1\" content=\"Napisane przez\" \/>\n\t<meta name=\"twitter:data1\" content=\"Bardzo Gruby Smok\" \/>\n\t<meta name=\"twitter:label2\" content=\"Szacowany czas czytania\" \/>\n\t<meta name=\"twitter:data2\" content=\"8 minut\" \/>\n<script type=\"application\/ld+json\" class=\"yoast-schema-graph\">{\"@context\":\"https:\\\/\\\/schema.org\",\"@graph\":[{\"@type\":[\"Article\",\"BlogPosting\"],\"@id\":\"https:\\\/\\\/bardzogrubysmok.pl\\\/wycieczki\\\/wies-ktora-nie-istnieje-radocyna\\\/#article\",\"isPartOf\":{\"@id\":\"https:\\\/\\\/bardzogrubysmok.pl\\\/wycieczki\\\/wies-ktora-nie-istnieje-radocyna\\\/\"},\"author\":{\"name\":\"Bardzo Gruby Smok\",\"@id\":\"https:\\\/\\\/bardzogrubysmok.pl\\\/wycieczki\\\/#\\\/schema\\\/person\\\/34c19df8fb03f397464a511ae78c4314\"},\"headline\":\"Wie\u015b, kt\u00f3ra nie istnieje: Radocyna\",\"datePublished\":\"2024-08-19T12:02:00+00:00\",\"dateModified\":\"2025-07-21T18:41:25+00:00\",\"mainEntityOfPage\":{\"@id\":\"https:\\\/\\\/bardzogrubysmok.pl\\\/wycieczki\\\/wies-ktora-nie-istnieje-radocyna\\\/\"},\"wordCount\":995,\"commentCount\":1,\"publisher\":{\"@id\":\"https:\\\/\\\/bardzogrubysmok.pl\\\/wycieczki\\\/#\\\/schema\\\/person\\\/34c19df8fb03f397464a511ae78c4314\"},\"image\":{\"@id\":\"https:\\\/\\\/bardzogrubysmok.pl\\\/wycieczki\\\/wies-ktora-nie-istnieje-radocyna\\\/#primaryimage\"},\"thumbnailUrl\":\"https:\\\/\\\/bardzogrubysmok.pl\\\/wycieczki\\\/wp-content\\\/uploads\\\/2024\\\/08\\\/Radocyna-laki.jpg\",\"keywords\":[\"Beskid Niski\",\"Beskidy\",\"g\u00f3ry\",\"spacer\",\"w\u0119dr\u00f3wka\"],\"articleSection\":[\"Beskid Niski\",\"g\u00f3ry\",\"na spacerze\"],\"inLanguage\":\"pl-PL\",\"potentialAction\":[{\"@type\":\"CommentAction\",\"name\":\"Comment\",\"target\":[\"https:\\\/\\\/bardzogrubysmok.pl\\\/wycieczki\\\/wies-ktora-nie-istnieje-radocyna\\\/#respond\"]}]},{\"@type\":\"WebPage\",\"@id\":\"https:\\\/\\\/bardzogrubysmok.pl\\\/wycieczki\\\/wies-ktora-nie-istnieje-radocyna\\\/\",\"url\":\"https:\\\/\\\/bardzogrubysmok.pl\\\/wycieczki\\\/wies-ktora-nie-istnieje-radocyna\\\/\",\"name\":\"Wie\u015b, kt\u00f3ra nie istnieje: Radocyna - Smocze wycieczki\",\"isPartOf\":{\"@id\":\"https:\\\/\\\/bardzogrubysmok.pl\\\/wycieczki\\\/#website\"},\"primaryImageOfPage\":{\"@id\":\"https:\\\/\\\/bardzogrubysmok.pl\\\/wycieczki\\\/wies-ktora-nie-istnieje-radocyna\\\/#primaryimage\"},\"image\":{\"@id\":\"https:\\\/\\\/bardzogrubysmok.pl\\\/wycieczki\\\/wies-ktora-nie-istnieje-radocyna\\\/#primaryimage\"},\"thumbnailUrl\":\"https:\\\/\\\/bardzogrubysmok.pl\\\/wycieczki\\\/wp-content\\\/uploads\\\/2024\\\/08\\\/Radocyna-laki.jpg\",\"datePublished\":\"2024-08-19T12:02:00+00:00\",\"dateModified\":\"2025-07-21T18:41:25+00:00\",\"description\":\"W Beskidzie Niskim jest sporo dawnych \u0142emkowskich wsi, kt\u00f3re ju\u017c nie istniej\u0105. Tym razem proponujemy p\u0119tl\u0119 przez Radocyn\u0119 i pi\u0119kne bukowe lasy.\",\"breadcrumb\":{\"@id\":\"https:\\\/\\\/bardzogrubysmok.pl\\\/wycieczki\\\/wies-ktora-nie-istnieje-radocyna\\\/#breadcrumb\"},\"inLanguage\":\"pl-PL\",\"potentialAction\":[{\"@type\":\"ReadAction\",\"target\":[\"https:\\\/\\\/bardzogrubysmok.pl\\\/wycieczki\\\/wies-ktora-nie-istnieje-radocyna\\\/\"]}]},{\"@type\":\"ImageObject\",\"inLanguage\":\"pl-PL\",\"@id\":\"https:\\\/\\\/bardzogrubysmok.pl\\\/wycieczki\\\/wies-ktora-nie-istnieje-radocyna\\\/#primaryimage\",\"url\":\"https:\\\/\\\/bardzogrubysmok.pl\\\/wycieczki\\\/wp-content\\\/uploads\\\/2024\\\/08\\\/Radocyna-laki.jpg\",\"contentUrl\":\"https:\\\/\\\/bardzogrubysmok.pl\\\/wycieczki\\\/wp-content\\\/uploads\\\/2024\\\/08\\\/Radocyna-laki.jpg\",\"width\":1000,\"height\":750,\"caption\":\"Radocyna - \u0142\u0105ki\"},{\"@type\":\"BreadcrumbList\",\"@id\":\"https:\\\/\\\/bardzogrubysmok.pl\\\/wycieczki\\\/wies-ktora-nie-istnieje-radocyna\\\/#breadcrumb\",\"itemListElement\":[{\"@type\":\"ListItem\",\"position\":1,\"name\":\"Strona g\u0142\u00f3wna\",\"item\":\"https:\\\/\\\/bardzogrubysmok.pl\\\/wycieczki\\\/\"},{\"@type\":\"ListItem\",\"position\":2,\"name\":\"Wie\u015b, kt\u00f3ra nie istnieje: Radocyna\"}]},{\"@type\":\"WebSite\",\"@id\":\"https:\\\/\\\/bardzogrubysmok.pl\\\/wycieczki\\\/#website\",\"url\":\"https:\\\/\\\/bardzogrubysmok.pl\\\/wycieczki\\\/\",\"name\":\"Smocze wycieczki\",\"description\":\"\",\"publisher\":{\"@id\":\"https:\\\/\\\/bardzogrubysmok.pl\\\/wycieczki\\\/#\\\/schema\\\/person\\\/34c19df8fb03f397464a511ae78c4314\"},\"alternateName\":\"Smocze wycieczki\",\"potentialAction\":[{\"@type\":\"SearchAction\",\"target\":{\"@type\":\"EntryPoint\",\"urlTemplate\":\"https:\\\/\\\/bardzogrubysmok.pl\\\/wycieczki\\\/?s={search_term_string}\"},\"query-input\":{\"@type\":\"PropertyValueSpecification\",\"valueRequired\":true,\"valueName\":\"search_term_string\"}}],\"inLanguage\":\"pl-PL\"},{\"@type\":[\"Person\",\"Organization\"],\"@id\":\"https:\\\/\\\/bardzogrubysmok.pl\\\/wycieczki\\\/#\\\/schema\\\/person\\\/34c19df8fb03f397464a511ae78c4314\",\"name\":\"Bardzo Gruby Smok\",\"image\":{\"@type\":\"ImageObject\",\"inLanguage\":\"pl-PL\",\"@id\":\"https:\\\/\\\/bardzogrubysmok.pl\\\/wycieczki\\\/wp-content\\\/uploads\\\/2023\\\/04\\\/Logo-Bardzo-Gruby-Smok.png\",\"url\":\"https:\\\/\\\/bardzogrubysmok.pl\\\/wycieczki\\\/wp-content\\\/uploads\\\/2023\\\/04\\\/Logo-Bardzo-Gruby-Smok.png\",\"contentUrl\":\"https:\\\/\\\/bardzogrubysmok.pl\\\/wycieczki\\\/wp-content\\\/uploads\\\/2023\\\/04\\\/Logo-Bardzo-Gruby-Smok.png\",\"width\":400,\"height\":177,\"caption\":\"Bardzo Gruby Smok\"},\"logo\":{\"@id\":\"https:\\\/\\\/bardzogrubysmok.pl\\\/wycieczki\\\/wp-content\\\/uploads\\\/2023\\\/04\\\/Logo-Bardzo-Gruby-Smok.png\"},\"sameAs\":[\"https:\\\/\\\/bardzogrubysmok.pl\\\/wycieczki\"],\"url\":\"https:\\\/\\\/bardzogrubysmok.pl\\\/wycieczki\\\/author\\\/bardzogr_wyc\\\/\"}]}<\/script>\n<!-- \/ Yoast SEO plugin. -->","yoast_head_json":{"title":"Wie\u015b, kt\u00f3ra nie istnieje: Radocyna - Smocze wycieczki","description":"W Beskidzie Niskim jest sporo dawnych \u0142emkowskich wsi, kt\u00f3re ju\u017c nie istniej\u0105. Tym razem proponujemy p\u0119tl\u0119 przez Radocyn\u0119 i pi\u0119kne bukowe lasy.","robots":{"index":"index","follow":"follow","max-snippet":"max-snippet:-1","max-image-preview":"max-image-preview:large","max-video-preview":"max-video-preview:-1"},"canonical":"https:\/\/bardzogrubysmok.pl\/wycieczki\/wies-ktora-nie-istnieje-radocyna\/","og_locale":"pl_PL","og_type":"article","og_title":"Wie\u015b, kt\u00f3ra nie istnieje: Radocyna - Smocze wycieczki","og_description":"W Beskidzie Niskim jest sporo dawnych \u0142emkowskich wsi, kt\u00f3re ju\u017c nie istniej\u0105. Tym razem proponujemy p\u0119tl\u0119 przez Radocyn\u0119 i pi\u0119kne bukowe lasy.","og_url":"https:\/\/bardzogrubysmok.pl\/wycieczki\/wies-ktora-nie-istnieje-radocyna\/","og_site_name":"Smocze wycieczki","article_published_time":"2024-08-19T12:02:00+00:00","article_modified_time":"2025-07-21T18:41:25+00:00","og_image":[{"width":1000,"height":750,"url":"https:\/\/bardzogrubysmok.pl\/wycieczki\/wp-content\/uploads\/2024\/08\/Radocyna-laki.jpg","type":"image\/jpeg"}],"author":"Bardzo Gruby Smok","twitter_card":"summary_large_image","twitter_misc":{"Napisane przez":"Bardzo Gruby Smok","Szacowany czas czytania":"8 minut"},"schema":{"@context":"https:\/\/schema.org","@graph":[{"@type":["Article","BlogPosting"],"@id":"https:\/\/bardzogrubysmok.pl\/wycieczki\/wies-ktora-nie-istnieje-radocyna\/#article","isPartOf":{"@id":"https:\/\/bardzogrubysmok.pl\/wycieczki\/wies-ktora-nie-istnieje-radocyna\/"},"author":{"name":"Bardzo Gruby Smok","@id":"https:\/\/bardzogrubysmok.pl\/wycieczki\/#\/schema\/person\/34c19df8fb03f397464a511ae78c4314"},"headline":"Wie\u015b, kt\u00f3ra nie istnieje: Radocyna","datePublished":"2024-08-19T12:02:00+00:00","dateModified":"2025-07-21T18:41:25+00:00","mainEntityOfPage":{"@id":"https:\/\/bardzogrubysmok.pl\/wycieczki\/wies-ktora-nie-istnieje-radocyna\/"},"wordCount":995,"commentCount":1,"publisher":{"@id":"https:\/\/bardzogrubysmok.pl\/wycieczki\/#\/schema\/person\/34c19df8fb03f397464a511ae78c4314"},"image":{"@id":"https:\/\/bardzogrubysmok.pl\/wycieczki\/wies-ktora-nie-istnieje-radocyna\/#primaryimage"},"thumbnailUrl":"https:\/\/bardzogrubysmok.pl\/wycieczki\/wp-content\/uploads\/2024\/08\/Radocyna-laki.jpg","keywords":["Beskid Niski","Beskidy","g\u00f3ry","spacer","w\u0119dr\u00f3wka"],"articleSection":["Beskid Niski","g\u00f3ry","na spacerze"],"inLanguage":"pl-PL","potentialAction":[{"@type":"CommentAction","name":"Comment","target":["https:\/\/bardzogrubysmok.pl\/wycieczki\/wies-ktora-nie-istnieje-radocyna\/#respond"]}]},{"@type":"WebPage","@id":"https:\/\/bardzogrubysmok.pl\/wycieczki\/wies-ktora-nie-istnieje-radocyna\/","url":"https:\/\/bardzogrubysmok.pl\/wycieczki\/wies-ktora-nie-istnieje-radocyna\/","name":"Wie\u015b, kt\u00f3ra nie istnieje: Radocyna - Smocze wycieczki","isPartOf":{"@id":"https:\/\/bardzogrubysmok.pl\/wycieczki\/#website"},"primaryImageOfPage":{"@id":"https:\/\/bardzogrubysmok.pl\/wycieczki\/wies-ktora-nie-istnieje-radocyna\/#primaryimage"},"image":{"@id":"https:\/\/bardzogrubysmok.pl\/wycieczki\/wies-ktora-nie-istnieje-radocyna\/#primaryimage"},"thumbnailUrl":"https:\/\/bardzogrubysmok.pl\/wycieczki\/wp-content\/uploads\/2024\/08\/Radocyna-laki.jpg","datePublished":"2024-08-19T12:02:00+00:00","dateModified":"2025-07-21T18:41:25+00:00","description":"W Beskidzie Niskim jest sporo dawnych \u0142emkowskich wsi, kt\u00f3re ju\u017c nie istniej\u0105. Tym razem proponujemy p\u0119tl\u0119 przez Radocyn\u0119 i pi\u0119kne bukowe lasy.","breadcrumb":{"@id":"https:\/\/bardzogrubysmok.pl\/wycieczki\/wies-ktora-nie-istnieje-radocyna\/#breadcrumb"},"inLanguage":"pl-PL","potentialAction":[{"@type":"ReadAction","target":["https:\/\/bardzogrubysmok.pl\/wycieczki\/wies-ktora-nie-istnieje-radocyna\/"]}]},{"@type":"ImageObject","inLanguage":"pl-PL","@id":"https:\/\/bardzogrubysmok.pl\/wycieczki\/wies-ktora-nie-istnieje-radocyna\/#primaryimage","url":"https:\/\/bardzogrubysmok.pl\/wycieczki\/wp-content\/uploads\/2024\/08\/Radocyna-laki.jpg","contentUrl":"https:\/\/bardzogrubysmok.pl\/wycieczki\/wp-content\/uploads\/2024\/08\/Radocyna-laki.jpg","width":1000,"height":750,"caption":"Radocyna - \u0142\u0105ki"},{"@type":"BreadcrumbList","@id":"https:\/\/bardzogrubysmok.pl\/wycieczki\/wies-ktora-nie-istnieje-radocyna\/#breadcrumb","itemListElement":[{"@type":"ListItem","position":1,"name":"Strona g\u0142\u00f3wna","item":"https:\/\/bardzogrubysmok.pl\/wycieczki\/"},{"@type":"ListItem","position":2,"name":"Wie\u015b, kt\u00f3ra nie istnieje: Radocyna"}]},{"@type":"WebSite","@id":"https:\/\/bardzogrubysmok.pl\/wycieczki\/#website","url":"https:\/\/bardzogrubysmok.pl\/wycieczki\/","name":"Smocze wycieczki","description":"","publisher":{"@id":"https:\/\/bardzogrubysmok.pl\/wycieczki\/#\/schema\/person\/34c19df8fb03f397464a511ae78c4314"},"alternateName":"Smocze wycieczki","potentialAction":[{"@type":"SearchAction","target":{"@type":"EntryPoint","urlTemplate":"https:\/\/bardzogrubysmok.pl\/wycieczki\/?s={search_term_string}"},"query-input":{"@type":"PropertyValueSpecification","valueRequired":true,"valueName":"search_term_string"}}],"inLanguage":"pl-PL"},{"@type":["Person","Organization"],"@id":"https:\/\/bardzogrubysmok.pl\/wycieczki\/#\/schema\/person\/34c19df8fb03f397464a511ae78c4314","name":"Bardzo Gruby Smok","image":{"@type":"ImageObject","inLanguage":"pl-PL","@id":"https:\/\/bardzogrubysmok.pl\/wycieczki\/wp-content\/uploads\/2023\/04\/Logo-Bardzo-Gruby-Smok.png","url":"https:\/\/bardzogrubysmok.pl\/wycieczki\/wp-content\/uploads\/2023\/04\/Logo-Bardzo-Gruby-Smok.png","contentUrl":"https:\/\/bardzogrubysmok.pl\/wycieczki\/wp-content\/uploads\/2023\/04\/Logo-Bardzo-Gruby-Smok.png","width":400,"height":177,"caption":"Bardzo Gruby Smok"},"logo":{"@id":"https:\/\/bardzogrubysmok.pl\/wycieczki\/wp-content\/uploads\/2023\/04\/Logo-Bardzo-Gruby-Smok.png"},"sameAs":["https:\/\/bardzogrubysmok.pl\/wycieczki"],"url":"https:\/\/bardzogrubysmok.pl\/wycieczki\/author\/bardzogr_wyc\/"}]}},"_links":{"self":[{"href":"https:\/\/bardzogrubysmok.pl\/wycieczki\/wp-json\/wp\/v2\/posts\/5719","targetHints":{"allow":["GET"]}}],"collection":[{"href":"https:\/\/bardzogrubysmok.pl\/wycieczki\/wp-json\/wp\/v2\/posts"}],"about":[{"href":"https:\/\/bardzogrubysmok.pl\/wycieczki\/wp-json\/wp\/v2\/types\/post"}],"author":[{"embeddable":true,"href":"https:\/\/bardzogrubysmok.pl\/wycieczki\/wp-json\/wp\/v2\/users\/1"}],"replies":[{"embeddable":true,"href":"https:\/\/bardzogrubysmok.pl\/wycieczki\/wp-json\/wp\/v2\/comments?post=5719"}],"version-history":[{"count":8,"href":"https:\/\/bardzogrubysmok.pl\/wycieczki\/wp-json\/wp\/v2\/posts\/5719\/revisions"}],"predecessor-version":[{"id":9649,"href":"https:\/\/bardzogrubysmok.pl\/wycieczki\/wp-json\/wp\/v2\/posts\/5719\/revisions\/9649"}],"wp:featuredmedia":[{"embeddable":true,"href":"https:\/\/bardzogrubysmok.pl\/wycieczki\/wp-json\/wp\/v2\/media\/5801"}],"wp:attachment":[{"href":"https:\/\/bardzogrubysmok.pl\/wycieczki\/wp-json\/wp\/v2\/media?parent=5719"}],"wp:term":[{"taxonomy":"category","embeddable":true,"href":"https:\/\/bardzogrubysmok.pl\/wycieczki\/wp-json\/wp\/v2\/categories?post=5719"},{"taxonomy":"post_tag","embeddable":true,"href":"https:\/\/bardzogrubysmok.pl\/wycieczki\/wp-json\/wp\/v2\/tags?post=5719"}],"curies":[{"name":"wp","href":"https:\/\/api.w.org\/{rel}","templated":true}]}}