

{"id":5454,"date":"2024-07-20T18:37:00","date_gmt":"2024-07-20T16:37:00","guid":{"rendered":"https:\/\/bardzogrubysmok.pl\/wycieczki\/?p=5454"},"modified":"2025-11-12T13:12:16","modified_gmt":"2025-11-12T12:12:16","slug":"skrzyczne-i-malinowska-skala","status":"publish","type":"post","link":"https:\/\/bardzogrubysmok.pl\/wycieczki\/skrzyczne-i-malinowska-skala\/","title":{"rendered":"Skrzyczne i Malinowska Ska\u0142a"},"content":{"rendered":"\n<p>Kolejny szczyt do kolekcji Korony G\u00f3r Polski to najwy\u017cszy szczyt Beskidu \u015al\u0105skiego &#8211; Skrzyczne. <\/p>\n\n\n\n<!--more-->\n\n\n\n<figure class=\"wp-block-table is-style-stripes\"><table><tbody><tr><td><strong>Rodzaj trasy:<\/strong><\/td><td>p\u0119tla<\/td><\/tr><tr><td><strong>Szlak:<\/strong><\/td><td>niebieski + zielony + czerwony + zielony<\/td><\/tr><tr><td><strong>Liczba kilometr\u00f3w:<\/strong><\/td><td>ok 22 km<\/td><\/tr><tr><td><strong>Trudno\u015b\u0107:<\/strong><\/td><td>\u015brednia<\/td><\/tr><tr><td><strong>Przewy\u017cszenia:<\/strong><\/td><td>1060 m \u2191 1060 m \u2193<\/td><\/tr><tr><td><strong>Schroniska:<\/strong><\/td><td>schronisko PTTK Skrzyczne<\/td><\/tr><tr><td><strong>Atrakcje dodatkowe:<\/strong><\/td><td>pi\u0119kne widoki na Beskidy i S\u0142owacj\u0119, formacje skalne<\/td><\/tr><tr><td><strong>Trasa:<\/strong><\/td><td><a href=\"https:\/\/mapa-turystyczna.pl\/route?q=49.6659700,19.0762138;49.6843010,19.0317970;49.6559290,19.0012370;49.6281880,19.0170890;49.6659700,19.0762138#49.63967\/19.14608\/12\">Lipowa &#8211; Skrzyczne &#8211; Malinowska Ska\u0142a &#8211; Magurka Wi\u015bla\u0144ska &#8211; Lipowe<\/a><\/td><\/tr><tr><td><strong>Szczyty:<\/strong><\/td><td>Skrzyczne (1257 m n.p.m.), Ma\u0142e Skrzyczne (1211 m n.p.m.), Kopa Skrzycze\u0144ska (1189 m n.p.m.), Malinowska Ska\u0142a (1152 m n.p.m.), Zielony Kopiec (1152 m n.p.m.), Gawlasi (1076 m n.p.m.), Magurka Wi\u015bla\u0144ska (1140 m n.p.m.), Magurka Radziechowska (1197 m n.p.m.), Muronka (1017 m n.p.m.)<\/td><\/tr><tr><td><strong>Pasmo g\u00f3rskie:<\/strong><\/td><td>Beskid \u015al\u0105ski<\/td><\/tr><tr><td><strong>GOT:<\/strong><\/td><td>30 punkt\u00f3w<\/td><\/tr><\/tbody><\/table><\/figure>\n\n\n<p><link rel='stylesheet' id='osm-ol3-css-css' href='https:\/\/bardzogrubysmok.pl\/wycieczki\/wp-content\/plugins\/osm\/js\/OL\/10.9.0\/ol.css?ver=6.9.4' type='text\/css' media='all' \/>\n<link rel='stylesheet' id='osm-ol3-ext-css-css' href='https:\/\/bardzogrubysmok.pl\/wycieczki\/wp-content\/plugins\/osm\/css\/osm_map_v3.css?ver=6.9.4' type='text\/css' media='all' \/>\n<link rel='stylesheet' id='osm-map-css-css' href='https:\/\/bardzogrubysmok.pl\/wycieczki\/wp-content\/plugins\/osm\/css\/osm_map.css?ver=6.9.4' type='text\/css' media='all' \/>\n<script type=\"text\/javascript\" src=\"https:\/\/bardzogrubysmok.pl\/wycieczki\/wp-includes\/js\/dist\/vendor\/wp-polyfill.min.js?ver=3.15.0\" id=\"wp-polyfill-js\"><\/script>\n<script type=\"text\/javascript\" src=\"https:\/\/bardzogrubysmok.pl\/wycieczki\/wp-content\/plugins\/osm\/js\/OL\/10.9.0\/ol.js?ver=10.9.0\" id=\"osm-ol3-library-js\"><\/script>\n<script type=\"text\/javascript\" src=\"https:\/\/bardzogrubysmok.pl\/wycieczki\/wp-content\/plugins\/osm\/js\/osm-v3-plugin-lib.js?ver=1.0.0\" id=\"osm-ol3-ext-library-js\"><\/script>\n<script type=\"text\/javascript\" src=\"https:\/\/bardzogrubysmok.pl\/wycieczki\/wp-content\/plugins\/osm\/js\/osm-metabox-events.js?ver=1.0.0\" id=\"osm-ol3-metabox-events-js\"><\/script>\n<script type=\"text\/javascript\" src=\"https:\/\/bardzogrubysmok.pl\/wycieczki\/wp-includes\/js\/jquery\/jquery.min.js?ver=3.7.1\" id=\"jquery-core-js\"><\/script>\n<script type=\"text\/javascript\" src=\"https:\/\/bardzogrubysmok.pl\/wycieczki\/wp-includes\/js\/jquery\/jquery-migrate.min.js?ver=3.4.1\" id=\"jquery-migrate-js\"><\/script>\n<script type=\"text\/javascript\" id=\"osm-map-startup-js-extra\">\n\/* <![CDATA[ *\/\nvar translations = {\"openlayer\":\"open layer\",\"openlayerAtStartup\":\"open layer at startup\",\"generateLink\":\"link to this map with opened layers\",\"shortDescription\":\"short description\",\"generatedShortCode\":\"to get a text control link paste this code in your wordpress editor\",\"closeLayer\":\"close layer\",\"cantGenerateLink\":\"put this string in the existing map short code to control this map\"};\n\/\/# sourceURL=osm-map-startup-js-extra\n\/* ]]> *\/\n<\/script>\n<script type=\"text\/javascript\" src=\"https:\/\/bardzogrubysmok.pl\/wycieczki\/wp-content\/plugins\/osm\/js\/osm-startup-lib.js?ver=V6.2.5\" id=\"osm-map-startup-js\"><\/script>\n\n        <div id=\"map_ol3js_1\"\n       class=\"osm-map-container undefined\"\n             data-map_name=\"undefined\"\n             data-map=\"map_ol3js_1\"\n             data-autoshow=\"no\"\n             style=\"width:100%;\n                    max-width:100%;\n                    height:450px;\n                    display:block;\n                    overflow:hidden;\n                    border:2px solid grey;\n                    position: relative;\">\n          <div id=\"map_ol3js_1_popup\" class=\"ol-popup\">\n            <a href=\"#\" id=\"map_ol3js_1_popup-closer\" class=\"ol-popup-closer\"><\/a>\n            <div id=\"map_ol3js_1_popup-content\"><\/div>\n          <\/div>\n        <\/div>\n    <script type=\"text\/javascript\">\n\t\t\t  vectorM['map_ol3js_1'] = [];\n\t        \n        var raster = getTileLayer(\"osm\",\"NoKey\");\t\t\t\n\n\t\t\t  var map_ol3js_1 = new ol.Map({\n\t\t\t\tinteractions: ol.interaction.defaults.defaults({mouseWheelZoom:false}),\n\t\t\t\tlayers: [raster],\n\t\t\t\ttarget: \"map_ol3js_1\",\n\t\t\t\tview: new ol.View({\n\t\t\t\t  center: ol.proj.transform([6.378,58.213], \"EPSG:4326\", \"EPSG:3857\"),\n\t\t\t\t  zoom: 9\n\t\t\t\t})\n\t\t\t  });\n\t\t\t  \n    var style_map_ol3js_1_0 = {\n      \"Point\": [new ol.style.Style({\n\n          image: new ol.style.Icon({\n            anchor: [0.5, 41],\n            anchorXUnits: \"fraction\",\n            anchorYUnits: \"pixels\",\n            opacity: 0.75,\n            src: \"https:\/\/bardzogrubysmok.pl\/wycieczki\/wp-content\/plugins\/osm\/icons\/mic_green_pinother_02.png\"\n          })\n      })],\n\n      \"LineString\": [new ol.style.Style({\n        stroke: new ol.style.Stroke({\n          color: \"green\",\n          width: 8\n        })\n      })],\n      \"MultiLineString\": [new ol.style.Style({\n        stroke: new ol.style.Stroke({\n          color: \"green\",\n          width: 4\n        })\n      })]\n    };\n\t\t  var vectorL0 = new ol.layer.Vector({\n\t\t\t\tsource: new ol.source.Vector({\n\t\t\t\turl:\"https:\/\/bardzogrubysmok.pl\/wycieczki\/wp-content\/uploads\/gpx\/2024Skrzyczne.gpx\",\n\t\t\t\tformat: new ol.format.GPX({\n\t\t\t\t\textractStyles: false\n\t\t\t\t})\n\t\t\t}),\n\t\t\tzIndex: 92,\n\t\t\tstyle: function(feature, resolution) {return style_map_ol3js_1_0[feature.getGeometry().getType()];}\n\t\t  });\n\t\t  map_ol3js_1.addLayer(vectorL0);\n      var extension1 = ol.extent.createEmpty();\n      var curZoom1 = map_ol3js_1.getView().getZoom();\n\n      map_ol3js_1.getLayers().forEach(function(layer){\n         if(!layer.get(\"id\")) {     \n            layer.once(\"change\", function(e){\n               ol.extent.extend(extension1, (layer.getSource().getExtent()));\n               map_ol3js_1.getView().fit(extension1, {padding: [50, 50, 50, 50]});\n            });\n         }\n      });\n\n    \naddControls2Map(map_ol3js_1,0,0,3,0,5,6,7,0,1);\nosm_addPopupClickhandler(map_ol3js_1,  \"map_ol3js_1\"); \nosm_addMouseHover(map_ol3js_1); <\/script><br \/><\/p>\n\n\n\n<p>Parkujemy na parkingu w Lipowej Ostrem. Nie jest to typowe miejsce do rozpocz\u0119cie w\u0119dr\u00f3wki na Skrzyczne &#8211; chyba najcz\u0119\u015bciej ludzie startuj\u0105 ze Szczyrku. My jednak chcemy zrobi\u0107 wi\u0119ksz\u0105 p\u0119tl\u0119 przy okazji zdobycia Skrzycznego. A na miejscu okazuje si\u0119, \u017ce jednak miejsc\u00f3wka jest do\u015b\u0107 popularna i ci\u0119\u017cko znale\u017a\u0107 wolne miejsce parkingowe.<\/p>\n\n\n\n<p>Niebieskim szlakiem przez las pniemy si\u0119 w g\u00f3r\u0119 powoli. Idzie si\u0119 ca\u0142kiem nie\u017ale, jednak trzeba uwa\u017ca\u0107 pod nogi, bo na \u015bcie\u017cce jest mn\u00f3stwo kamieni. Dopiero niedaleko od szczytu wychodzimy z lasu i pojawiaj\u0105 si\u0119 widoki na \u017bywiec, Beskid Ma\u0142y i Beskid \u017bywiecki. <\/p>\n\n\n\n<figure class=\"wp-block-gallery has-nested-images columns-2 is-cropped wp-block-gallery-1 is-layout-flex wp-block-gallery-is-layout-flex\">\n<figure class=\"wp-block-image size-large\"><a href=\"https:\/\/bardzogrubysmok.pl\/wycieczki\/wp-content\/uploads\/2024\/07\/w-drodze-na-Skrzyczne.jpg\"><img loading=\"lazy\" decoding=\"async\" width=\"1000\" height=\"750\" data-id=\"5469\" src=\"https:\/\/bardzogrubysmok.pl\/wycieczki\/wp-content\/uploads\/2024\/07\/w-drodze-na-Skrzyczne.jpg\" alt=\"w drodze na Skrzyczne\" class=\"wp-image-5469\" srcset=\"https:\/\/bardzogrubysmok.pl\/wycieczki\/wp-content\/uploads\/2024\/07\/w-drodze-na-Skrzyczne.jpg 1000w, https:\/\/bardzogrubysmok.pl\/wycieczki\/wp-content\/uploads\/2024\/07\/w-drodze-na-Skrzyczne-300x225.jpg 300w, https:\/\/bardzogrubysmok.pl\/wycieczki\/wp-content\/uploads\/2024\/07\/w-drodze-na-Skrzyczne-768x576.jpg 768w, https:\/\/bardzogrubysmok.pl\/wycieczki\/wp-content\/uploads\/2024\/07\/w-drodze-na-Skrzyczne-850x638.jpg 850w\" sizes=\"auto, (max-width: 1000px) 100vw, 1000px\" \/><\/a><figcaption class=\"wp-element-caption\">w drodze na Skrzyczne<\/figcaption><\/figure>\n\n\n\n<figure class=\"wp-block-image size-large\"><a href=\"https:\/\/bardzogrubysmok.pl\/wycieczki\/wp-content\/uploads\/2024\/07\/widok-na-Beskid-Zywiecki.jpg\"><img loading=\"lazy\" decoding=\"async\" width=\"1000\" height=\"750\" data-id=\"5470\" src=\"https:\/\/bardzogrubysmok.pl\/wycieczki\/wp-content\/uploads\/2024\/07\/widok-na-Beskid-Zywiecki.jpg\" alt=\"widok na Beskid \u017bywiecki\" class=\"wp-image-5470\" srcset=\"https:\/\/bardzogrubysmok.pl\/wycieczki\/wp-content\/uploads\/2024\/07\/widok-na-Beskid-Zywiecki.jpg 1000w, https:\/\/bardzogrubysmok.pl\/wycieczki\/wp-content\/uploads\/2024\/07\/widok-na-Beskid-Zywiecki-300x225.jpg 300w, https:\/\/bardzogrubysmok.pl\/wycieczki\/wp-content\/uploads\/2024\/07\/widok-na-Beskid-Zywiecki-768x576.jpg 768w, https:\/\/bardzogrubysmok.pl\/wycieczki\/wp-content\/uploads\/2024\/07\/widok-na-Beskid-Zywiecki-850x638.jpg 850w\" sizes=\"auto, (max-width: 1000px) 100vw, 1000px\" \/><\/a><figcaption class=\"wp-element-caption\">widok na Beskid \u017bywiecki<\/figcaption><\/figure>\n<\/figure>\n\n\n\n<p>Po wyj\u015bciu z cz\u0119\u015bci zadrzewionej szlaku nad naszymi g\u0142owami zaczynamy obserwowa\u0107 licznych paralotniarzy. Wieje delikatny wietrzyk, wi\u0119c chyba maj\u0105 \u015bwietne warunki. Dla nas te\u017c wietrzyk jest wskazany, bo jest wyj\u0105tkowo parno i tylko wiatr daje troch\u0119 wytchnienia.<\/p>\n\n\n\n<figure class=\"wp-block-gallery has-nested-images columns-2 is-cropped wp-block-gallery-2 is-layout-flex wp-block-gallery-is-layout-flex\">\n<figure class=\"wp-block-image size-large\"><a href=\"https:\/\/bardzogrubysmok.pl\/wycieczki\/wp-content\/uploads\/2024\/07\/paralotniarze.jpg\"><img loading=\"lazy\" decoding=\"async\" width=\"1000\" height=\"750\" data-id=\"5465\" src=\"https:\/\/bardzogrubysmok.pl\/wycieczki\/wp-content\/uploads\/2024\/07\/paralotniarze.jpg\" alt=\"paralotniarze\" class=\"wp-image-5465\" srcset=\"https:\/\/bardzogrubysmok.pl\/wycieczki\/wp-content\/uploads\/2024\/07\/paralotniarze.jpg 1000w, https:\/\/bardzogrubysmok.pl\/wycieczki\/wp-content\/uploads\/2024\/07\/paralotniarze-300x225.jpg 300w, https:\/\/bardzogrubysmok.pl\/wycieczki\/wp-content\/uploads\/2024\/07\/paralotniarze-768x576.jpg 768w, https:\/\/bardzogrubysmok.pl\/wycieczki\/wp-content\/uploads\/2024\/07\/paralotniarze-850x638.jpg 850w\" sizes=\"auto, (max-width: 1000px) 100vw, 1000px\" \/><\/a><figcaption class=\"wp-element-caption\">paralotniarze<\/figcaption><\/figure>\n\n\n\n<figure class=\"wp-block-image size-large\"><a href=\"https:\/\/bardzogrubysmok.pl\/wycieczki\/wp-content\/uploads\/2024\/07\/widok-spod-Skrzycznego-na-Zywiec.jpg\"><img loading=\"lazy\" decoding=\"async\" width=\"1000\" height=\"750\" data-id=\"5473\" src=\"https:\/\/bardzogrubysmok.pl\/wycieczki\/wp-content\/uploads\/2024\/07\/widok-spod-Skrzycznego-na-Zywiec.jpg\" alt=\"widok spod Skrzycznego na \u017bywiec\" class=\"wp-image-5473\" srcset=\"https:\/\/bardzogrubysmok.pl\/wycieczki\/wp-content\/uploads\/2024\/07\/widok-spod-Skrzycznego-na-Zywiec.jpg 1000w, https:\/\/bardzogrubysmok.pl\/wycieczki\/wp-content\/uploads\/2024\/07\/widok-spod-Skrzycznego-na-Zywiec-300x225.jpg 300w, https:\/\/bardzogrubysmok.pl\/wycieczki\/wp-content\/uploads\/2024\/07\/widok-spod-Skrzycznego-na-Zywiec-768x576.jpg 768w, https:\/\/bardzogrubysmok.pl\/wycieczki\/wp-content\/uploads\/2024\/07\/widok-spod-Skrzycznego-na-Zywiec-850x638.jpg 850w\" sizes=\"auto, (max-width: 1000px) 100vw, 1000px\" \/><\/a><figcaption class=\"wp-element-caption\">widok spod Skrzycznego na \u017bywiec<\/figcaption><\/figure>\n<\/figure>\n\n\n\n<h2 class=\"wp-block-heading\">Skrzyczne<\/h2>\n\n\n\n<p>Po drodze do g\u00f3ry mijali\u015bmy troch\u0119 os\u00f3b, jednak to co si\u0119 dzieje na szczycie, nas przyt\u0142acza. Jest tu t\u0142um ludzi, a ka\u017cdy w schronisku chce kupi\u0107 piwo. Najbardziej zastanawia nas grupa facet\u00f3w z rodzinami, kt\u00f3rzy krzycz\u0105 na ca\u0142ego i kupuj\u0105 10 piw. Do tego grajek skrzypek \u015bpiewa na ca\u0142ego g\u00f3ralskie piosenki. Jarmark na ca\u0142ego&#8230;<\/p>\n\n\n\n<figure class=\"wp-block-gallery has-nested-images columns-2 is-cropped wp-block-gallery-3 is-layout-flex wp-block-gallery-is-layout-flex\">\n<figure class=\"wp-block-image size-large\"><a href=\"https:\/\/bardzogrubysmok.pl\/wycieczki\/wp-content\/uploads\/2024\/07\/Skrzyczne.jpg\"><img loading=\"lazy\" decoding=\"async\" width=\"1000\" height=\"750\" data-id=\"5467\" src=\"https:\/\/bardzogrubysmok.pl\/wycieczki\/wp-content\/uploads\/2024\/07\/Skrzyczne.jpg\" alt=\"Skrzyczne\" class=\"wp-image-5467\" srcset=\"https:\/\/bardzogrubysmok.pl\/wycieczki\/wp-content\/uploads\/2024\/07\/Skrzyczne.jpg 1000w, https:\/\/bardzogrubysmok.pl\/wycieczki\/wp-content\/uploads\/2024\/07\/Skrzyczne-300x225.jpg 300w, https:\/\/bardzogrubysmok.pl\/wycieczki\/wp-content\/uploads\/2024\/07\/Skrzyczne-768x576.jpg 768w, https:\/\/bardzogrubysmok.pl\/wycieczki\/wp-content\/uploads\/2024\/07\/Skrzyczne-850x638.jpg 850w\" sizes=\"auto, (max-width: 1000px) 100vw, 1000px\" \/><\/a><figcaption class=\"wp-element-caption\">Skrzyczne<\/figcaption><\/figure>\n\n\n\n<figure class=\"wp-block-image size-large\"><a href=\"https:\/\/bardzogrubysmok.pl\/wycieczki\/wp-content\/uploads\/2024\/07\/schronisko-PTTK-Skrzyczne.jpg\"><img loading=\"lazy\" decoding=\"async\" width=\"1000\" height=\"750\" data-id=\"5466\" src=\"https:\/\/bardzogrubysmok.pl\/wycieczki\/wp-content\/uploads\/2024\/07\/schronisko-PTTK-Skrzyczne.jpg\" alt=\"schronisko PTTK Skrzyczne\" class=\"wp-image-5466\" srcset=\"https:\/\/bardzogrubysmok.pl\/wycieczki\/wp-content\/uploads\/2024\/07\/schronisko-PTTK-Skrzyczne.jpg 1000w, https:\/\/bardzogrubysmok.pl\/wycieczki\/wp-content\/uploads\/2024\/07\/schronisko-PTTK-Skrzyczne-300x225.jpg 300w, https:\/\/bardzogrubysmok.pl\/wycieczki\/wp-content\/uploads\/2024\/07\/schronisko-PTTK-Skrzyczne-768x576.jpg 768w, https:\/\/bardzogrubysmok.pl\/wycieczki\/wp-content\/uploads\/2024\/07\/schronisko-PTTK-Skrzyczne-850x638.jpg 850w\" sizes=\"auto, (max-width: 1000px) 100vw, 1000px\" \/><\/a><figcaption class=\"wp-element-caption\">schronisko PTTK Skrzyczne<\/figcaption><\/figure>\n<\/figure>\n\n\n\n<p>Pocieszaj\u0105ca jest \u015bwiadomo\u015b\u0107, \u017ce ten t\u0142um ludzi jest tylko tu i dalej na szlaku za g\u00f3rn\u0105 stacj\u0105 wyci\u0105gu liczba ludzi gwa\u0142townie spadnie. I rzeczywi\u015bcie tak w\u0142a\u015bnie jest. Tylko na fragmencie pojawia si\u0119 za to mn\u00f3stwo rowerzyst\u00f3w.<\/p>\n\n\n\n<figure class=\"wp-block-gallery has-nested-images columns-2 is-cropped wp-block-gallery-4 is-layout-flex wp-block-gallery-is-layout-flex\">\n<figure class=\"wp-block-image size-large\"><a href=\"https:\/\/bardzogrubysmok.pl\/wycieczki\/wp-content\/uploads\/2024\/07\/wyciag-na-Skrzyczne.jpg\"><img loading=\"lazy\" decoding=\"async\" width=\"1000\" height=\"750\" data-id=\"5475\" src=\"https:\/\/bardzogrubysmok.pl\/wycieczki\/wp-content\/uploads\/2024\/07\/wyciag-na-Skrzyczne.jpg\" alt=\"wyci\u0105g na Skrzyczne\" class=\"wp-image-5475\" srcset=\"https:\/\/bardzogrubysmok.pl\/wycieczki\/wp-content\/uploads\/2024\/07\/wyciag-na-Skrzyczne.jpg 1000w, https:\/\/bardzogrubysmok.pl\/wycieczki\/wp-content\/uploads\/2024\/07\/wyciag-na-Skrzyczne-300x225.jpg 300w, https:\/\/bardzogrubysmok.pl\/wycieczki\/wp-content\/uploads\/2024\/07\/wyciag-na-Skrzyczne-768x576.jpg 768w, https:\/\/bardzogrubysmok.pl\/wycieczki\/wp-content\/uploads\/2024\/07\/wyciag-na-Skrzyczne-850x638.jpg 850w\" sizes=\"auto, (max-width: 1000px) 100vw, 1000px\" \/><\/a><figcaption class=\"wp-element-caption\">wyci\u0105g na Skrzyczne<\/figcaption><\/figure>\n<\/figure>\n\n\n\n<h2 class=\"wp-block-heading\">Ma\u0142e Skrzyczne<\/h2>\n\n\n\n<p>Droga ze Skrzycznego na Ma\u0142e Skrzyczne i dalej ku Malinowskiej Skale jest niezwykle przyjemna. Prowadzi szerok\u0105 \u015bcie\u017ck\u0105 bez drzew, za to z widokami. Troch\u0119 mo\u017cna si\u0119 poczu\u0107 podobnie jak w Karkonoszach.<\/p>\n\n\n\n<figure class=\"wp-block-gallery has-nested-images columns-2 is-cropped wp-block-gallery-5 is-layout-flex wp-block-gallery-is-layout-flex\">\n<figure class=\"wp-block-image size-large\"><a href=\"https:\/\/bardzogrubysmok.pl\/wycieczki\/wp-content\/uploads\/2024\/07\/za-Skrzycznem.jpg\"><img loading=\"lazy\" decoding=\"async\" width=\"1000\" height=\"750\" data-id=\"5476\" src=\"https:\/\/bardzogrubysmok.pl\/wycieczki\/wp-content\/uploads\/2024\/07\/za-Skrzycznem.jpg\" alt=\"za Skrzycznem\" class=\"wp-image-5476\" srcset=\"https:\/\/bardzogrubysmok.pl\/wycieczki\/wp-content\/uploads\/2024\/07\/za-Skrzycznem.jpg 1000w, https:\/\/bardzogrubysmok.pl\/wycieczki\/wp-content\/uploads\/2024\/07\/za-Skrzycznem-300x225.jpg 300w, https:\/\/bardzogrubysmok.pl\/wycieczki\/wp-content\/uploads\/2024\/07\/za-Skrzycznem-768x576.jpg 768w, https:\/\/bardzogrubysmok.pl\/wycieczki\/wp-content\/uploads\/2024\/07\/za-Skrzycznem-850x638.jpg 850w\" sizes=\"auto, (max-width: 1000px) 100vw, 1000px\" \/><\/a><figcaption class=\"wp-element-caption\">za Skrzycznem<\/figcaption><\/figure>\n\n\n\n<figure class=\"wp-block-image size-large\"><a href=\"https:\/\/bardzogrubysmok.pl\/wycieczki\/wp-content\/uploads\/2024\/07\/w-drodze-na-Malinowska-Skale.jpg\"><img loading=\"lazy\" decoding=\"async\" width=\"1000\" height=\"750\" data-id=\"5468\" src=\"https:\/\/bardzogrubysmok.pl\/wycieczki\/wp-content\/uploads\/2024\/07\/w-drodze-na-Malinowska-Skale.jpg\" alt=\"w drodze na Malinowsk\u0105 Ska\u0142\u0119\" class=\"wp-image-5468\" srcset=\"https:\/\/bardzogrubysmok.pl\/wycieczki\/wp-content\/uploads\/2024\/07\/w-drodze-na-Malinowska-Skale.jpg 1000w, https:\/\/bardzogrubysmok.pl\/wycieczki\/wp-content\/uploads\/2024\/07\/w-drodze-na-Malinowska-Skale-300x225.jpg 300w, https:\/\/bardzogrubysmok.pl\/wycieczki\/wp-content\/uploads\/2024\/07\/w-drodze-na-Malinowska-Skale-768x576.jpg 768w, https:\/\/bardzogrubysmok.pl\/wycieczki\/wp-content\/uploads\/2024\/07\/w-drodze-na-Malinowska-Skale-850x638.jpg 850w\" sizes=\"auto, (max-width: 1000px) 100vw, 1000px\" \/><\/a><figcaption class=\"wp-element-caption\">w drodze na Malinowsk\u0105 Ska\u0142\u0119<\/figcaption><\/figure>\n\n\n\n<figure class=\"wp-block-image size-large\"><a href=\"https:\/\/bardzogrubysmok.pl\/wycieczki\/wp-content\/uploads\/2024\/07\/widok-na-Skrzyczne.jpg\"><img loading=\"lazy\" decoding=\"async\" width=\"1000\" height=\"750\" data-id=\"5471\" src=\"https:\/\/bardzogrubysmok.pl\/wycieczki\/wp-content\/uploads\/2024\/07\/widok-na-Skrzyczne.jpg\" alt=\"widok na Skrzyczne\" class=\"wp-image-5471\" srcset=\"https:\/\/bardzogrubysmok.pl\/wycieczki\/wp-content\/uploads\/2024\/07\/widok-na-Skrzyczne.jpg 1000w, https:\/\/bardzogrubysmok.pl\/wycieczki\/wp-content\/uploads\/2024\/07\/widok-na-Skrzyczne-300x225.jpg 300w, https:\/\/bardzogrubysmok.pl\/wycieczki\/wp-content\/uploads\/2024\/07\/widok-na-Skrzyczne-768x576.jpg 768w, https:\/\/bardzogrubysmok.pl\/wycieczki\/wp-content\/uploads\/2024\/07\/widok-na-Skrzyczne-850x638.jpg 850w\" sizes=\"auto, (max-width: 1000px) 100vw, 1000px\" \/><\/a><figcaption class=\"wp-element-caption\">widok na Skrzyczne<\/figcaption><\/figure>\n<\/figure>\n\n\n\n<h2 class=\"wp-block-heading\">Malinowska Ska\u0142a<\/h2>\n\n\n\n<p>Podobne do Karkonoszy s\u0105 te\u017c wyst\u0119puj\u0105ce tu formacje skalne (cho\u0107 jest ich o wiele mniej). Najbardziej znan\u0105 i b\u0119d\u0105c\u0105 kolejnym punktem naszej wycieczki jest Malinowska Ska\u0142a. Tu te\u017c jest sporo ludzi, a co bardziej zaskakuje &#8211; du\u017co rowerzyst\u00f3w i wielu z nich co\u015b naprawia przy ko\u0142ach&#8230; Czy\u017cby rowery \u017ale znosi\u0142y kamienie na drodze? Bo na ca\u0142ej \u015bcie\u017cce jest tu mn\u00f3stwo du\u017cych kamieni, przez co trzeba uwa\u017ca\u0107 przy w\u0119dr\u00f3wce.<\/p>\n\n\n\n<figure class=\"wp-block-gallery has-nested-images columns-2 is-cropped wp-block-gallery-6 is-layout-flex wp-block-gallery-is-layout-flex\">\n<figure class=\"wp-block-image size-large\"><a href=\"https:\/\/bardzogrubysmok.pl\/wycieczki\/wp-content\/uploads\/2024\/07\/Malinowska-Skala.jpg\"><img loading=\"lazy\" decoding=\"async\" width=\"1000\" height=\"750\" data-id=\"5463\" src=\"https:\/\/bardzogrubysmok.pl\/wycieczki\/wp-content\/uploads\/2024\/07\/Malinowska-Skala.jpg\" alt=\"Malinowska Ska\u0142a\" class=\"wp-image-5463\" srcset=\"https:\/\/bardzogrubysmok.pl\/wycieczki\/wp-content\/uploads\/2024\/07\/Malinowska-Skala.jpg 1000w, https:\/\/bardzogrubysmok.pl\/wycieczki\/wp-content\/uploads\/2024\/07\/Malinowska-Skala-300x225.jpg 300w, https:\/\/bardzogrubysmok.pl\/wycieczki\/wp-content\/uploads\/2024\/07\/Malinowska-Skala-768x576.jpg 768w, https:\/\/bardzogrubysmok.pl\/wycieczki\/wp-content\/uploads\/2024\/07\/Malinowska-Skala-850x638.jpg 850w\" sizes=\"auto, (max-width: 1000px) 100vw, 1000px\" \/><\/a><figcaption class=\"wp-element-caption\">Malinowska Ska\u0142a<\/figcaption><\/figure>\n\n\n\n<figure class=\"wp-block-image size-large\"><a href=\"https:\/\/bardzogrubysmok.pl\/wycieczki\/wp-content\/uploads\/2024\/07\/widok-z-Malinowskiej-Skaly.jpg\"><img loading=\"lazy\" decoding=\"async\" width=\"1000\" height=\"750\" data-id=\"5474\" src=\"https:\/\/bardzogrubysmok.pl\/wycieczki\/wp-content\/uploads\/2024\/07\/widok-z-Malinowskiej-Skaly.jpg\" alt=\"widok z Malinowskiej Ska\u0142y\" class=\"wp-image-5474\" srcset=\"https:\/\/bardzogrubysmok.pl\/wycieczki\/wp-content\/uploads\/2024\/07\/widok-z-Malinowskiej-Skaly.jpg 1000w, https:\/\/bardzogrubysmok.pl\/wycieczki\/wp-content\/uploads\/2024\/07\/widok-z-Malinowskiej-Skaly-300x225.jpg 300w, https:\/\/bardzogrubysmok.pl\/wycieczki\/wp-content\/uploads\/2024\/07\/widok-z-Malinowskiej-Skaly-768x576.jpg 768w, https:\/\/bardzogrubysmok.pl\/wycieczki\/wp-content\/uploads\/2024\/07\/widok-z-Malinowskiej-Skaly-850x638.jpg 850w\" sizes=\"auto, (max-width: 1000px) 100vw, 1000px\" \/><\/a><figcaption class=\"wp-element-caption\">widok z Malinowskiej Ska\u0142y<\/figcaption><\/figure>\n<\/figure>\n\n\n\n<p>Za formacj\u0105 skaln\u0105 Malinowskiej Ska\u0142y jest szczyt o tej samej nazwie. Znajduje si\u0119 na nim drogowskaz z nazw\u0105 szczytu i &#8222;budk\u0105&#8221; na piecz\u0105tk\u0119. Szkoda tylko, \u017ce ludzie nie dojrzeli do idei piecz\u0105tek, a w g\u00f3ry zacz\u0119\u0142o chodzi\u0107 coraz wi\u0119cej ho\u0142oty. W budce zosta\u0142a tylko drewniana &#8222;r\u0105czka&#8221; od piecz\u0105tki przypi\u0119ta na \u0142a\u0144cuszku &#8211; sama guma piecz\u0105tki zosta\u0142a skradziona&#8230;<\/p>\n\n\n\n<figure class=\"wp-block-gallery has-nested-images columns-2 is-cropped wp-block-gallery-7 is-layout-flex wp-block-gallery-is-layout-flex\">\n<figure class=\"wp-block-image size-large\"><a href=\"https:\/\/bardzogrubysmok.pl\/wycieczki\/wp-content\/uploads\/2024\/07\/widok-spod-Malinowskiej-Skaly.jpg\"><img loading=\"lazy\" decoding=\"async\" width=\"1000\" height=\"750\" data-id=\"5472\" src=\"https:\/\/bardzogrubysmok.pl\/wycieczki\/wp-content\/uploads\/2024\/07\/widok-spod-Malinowskiej-Skaly.jpg\" alt=\"widok spod Malinowskiej Ska\u0142y\" class=\"wp-image-5472\" srcset=\"https:\/\/bardzogrubysmok.pl\/wycieczki\/wp-content\/uploads\/2024\/07\/widok-spod-Malinowskiej-Skaly.jpg 1000w, https:\/\/bardzogrubysmok.pl\/wycieczki\/wp-content\/uploads\/2024\/07\/widok-spod-Malinowskiej-Skaly-300x225.jpg 300w, https:\/\/bardzogrubysmok.pl\/wycieczki\/wp-content\/uploads\/2024\/07\/widok-spod-Malinowskiej-Skaly-768x576.jpg 768w, https:\/\/bardzogrubysmok.pl\/wycieczki\/wp-content\/uploads\/2024\/07\/widok-spod-Malinowskiej-Skaly-850x638.jpg 850w\" sizes=\"auto, (max-width: 1000px) 100vw, 1000px\" \/><\/a><figcaption class=\"wp-element-caption\">widok spod Malinowskiej Ska\u0142y<\/figcaption><\/figure>\n<\/figure>\n\n\n\n<h2 class=\"wp-block-heading\">Zielony Kopiec<\/h2>\n\n\n\n<p>W tym miejscu trzeba te\u017c zachowa\u0107 czujno\u015b\u0107 &#8211; wi\u0119kszo\u015b\u0107 ludzi idzie czerwonym szlakiem na Prze\u0142\u0119cz Malinowsk\u0105. My odbijamy w lewo na zielony szlak i dalej w stron\u0119 Zielonego Kopca. W tym regionie ludzi jest ju\u017c bardzo ma\u0142o. Za to s\u0105 mniejsze formacje skalne i przecudowny widok na pocz\u0105tek naszej trasy (w tym Skrzyczne po lewej) i na dalsz\u0105 jej cz\u0119\u015b\u0107 (w tym Magurk\u0119 Radziechowsk\u0105 po prawej).<\/p>\n\n\n\n<figure class=\"wp-block-gallery has-nested-images columns-2 is-cropped wp-block-gallery-8 is-layout-flex wp-block-gallery-is-layout-flex\">\n<figure class=\"wp-block-image size-large\"><a href=\"https:\/\/bardzogrubysmok.pl\/wycieczki\/wp-content\/uploads\/2024\/07\/Zielony-Kopiec.jpg\"><img loading=\"lazy\" decoding=\"async\" width=\"1000\" height=\"750\" data-id=\"5477\" src=\"https:\/\/bardzogrubysmok.pl\/wycieczki\/wp-content\/uploads\/2024\/07\/Zielony-Kopiec.jpg\" alt=\"Zielony Kopiec\" class=\"wp-image-5477\" srcset=\"https:\/\/bardzogrubysmok.pl\/wycieczki\/wp-content\/uploads\/2024\/07\/Zielony-Kopiec.jpg 1000w, https:\/\/bardzogrubysmok.pl\/wycieczki\/wp-content\/uploads\/2024\/07\/Zielony-Kopiec-300x225.jpg 300w, https:\/\/bardzogrubysmok.pl\/wycieczki\/wp-content\/uploads\/2024\/07\/Zielony-Kopiec-768x576.jpg 768w, https:\/\/bardzogrubysmok.pl\/wycieczki\/wp-content\/uploads\/2024\/07\/Zielony-Kopiec-850x638.jpg 850w\" sizes=\"auto, (max-width: 1000px) 100vw, 1000px\" \/><\/a><figcaption class=\"wp-element-caption\">Zielony Kopiec<\/figcaption><\/figure>\n<\/figure>\n\n\n\n<h2 class=\"wp-block-heading\">Magurki Wi\u015bla\u0144ska i Radziechowska<\/h2>\n\n\n\n<p>Im dalej idziemy, tym mniej ludzi spotykamy. Na Magurce Wi\u015bla\u0144skiej spotykamy jedn\u0105 grupk\u0119, a tak to idziemy sami. Za Magurk\u0105 znowu trafiamy na kilka os\u00f3b, bo jest tu kolejna ciekawa formacja skalna. Chyba nawet ciekawsza od Malinowskiej Ska\u0142y, a na pewno bardziej &#8222;fotogeniczna&#8221;, bo bez ludzi. A wida\u0107 z niej co? Skrzyczne i Malinowsk\u0105 Ska\u0142\u0119 w\u0142a\u015bnie.<\/p>\n\n\n\n<figure class=\"wp-block-gallery has-nested-images columns-2 is-cropped wp-block-gallery-9 is-layout-flex wp-block-gallery-is-layout-flex\">\n<figure class=\"wp-block-image size-large\"><a href=\"https:\/\/bardzogrubysmok.pl\/wycieczki\/wp-content\/uploads\/2024\/07\/miedzy-Magurkami.jpg\"><img loading=\"lazy\" decoding=\"async\" width=\"1000\" height=\"750\" data-id=\"5464\" src=\"https:\/\/bardzogrubysmok.pl\/wycieczki\/wp-content\/uploads\/2024\/07\/miedzy-Magurkami.jpg\" alt=\"mi\u0119dzy Magurkami\" class=\"wp-image-5464\" srcset=\"https:\/\/bardzogrubysmok.pl\/wycieczki\/wp-content\/uploads\/2024\/07\/miedzy-Magurkami.jpg 1000w, https:\/\/bardzogrubysmok.pl\/wycieczki\/wp-content\/uploads\/2024\/07\/miedzy-Magurkami-300x225.jpg 300w, https:\/\/bardzogrubysmok.pl\/wycieczki\/wp-content\/uploads\/2024\/07\/miedzy-Magurkami-768x576.jpg 768w, https:\/\/bardzogrubysmok.pl\/wycieczki\/wp-content\/uploads\/2024\/07\/miedzy-Magurkami-850x638.jpg 850w\" sizes=\"auto, (max-width: 1000px) 100vw, 1000px\" \/><\/a><figcaption class=\"wp-element-caption\">mi\u0119dzy Magurkami<\/figcaption><\/figure>\n<\/figure>\n\n\n\n<p>Dalej w\u0105sk\u0105 \u015bcie\u017ck\u0105 docieramy do Magurki Radziechowskiej. Tu opuszczamy czerwony szlak i skr\u0119camy w lewo na zielony. I od tego momentu a\u017c do doj\u015bcia do cywilizacji nie spotykamy ani jednej osoby. \u015acie\u017cka jest w du\u017cej mierze kamienista i prowadzi ca\u0142y czas przez las. <\/p>\n\n\n\n<figure class=\"wp-block-gallery has-nested-images columns-2 is-cropped wp-block-gallery-10 is-layout-flex wp-block-gallery-is-layout-flex\">\n<figure class=\"wp-block-image size-large\"><a href=\"https:\/\/bardzogrubysmok.pl\/wycieczki\/wp-content\/uploads\/2024\/07\/Magurka-Radziechowska.jpg\"><img loading=\"lazy\" decoding=\"async\" width=\"1000\" height=\"750\" data-id=\"5462\" src=\"https:\/\/bardzogrubysmok.pl\/wycieczki\/wp-content\/uploads\/2024\/07\/Magurka-Radziechowska.jpg\" alt=\"Magurka Radziechowska\" class=\"wp-image-5462\" srcset=\"https:\/\/bardzogrubysmok.pl\/wycieczki\/wp-content\/uploads\/2024\/07\/Magurka-Radziechowska.jpg 1000w, https:\/\/bardzogrubysmok.pl\/wycieczki\/wp-content\/uploads\/2024\/07\/Magurka-Radziechowska-300x225.jpg 300w, https:\/\/bardzogrubysmok.pl\/wycieczki\/wp-content\/uploads\/2024\/07\/Magurka-Radziechowska-768x576.jpg 768w, https:\/\/bardzogrubysmok.pl\/wycieczki\/wp-content\/uploads\/2024\/07\/Magurka-Radziechowska-850x638.jpg 850w\" sizes=\"auto, (max-width: 1000px) 100vw, 1000px\" \/><\/a><figcaption class=\"wp-element-caption\">Magurka Radziechowska<\/figcaption><\/figure>\n<\/figure>\n\n\n\n<p>Po wyj\u015bciu z lasu czeka nas jeszcze d\u0142u\u017cszy fragment asfaltem mi\u0119dzy domami przez miejscowo\u015b\u0107 Ostre. Ale nie nudzi si\u0119 to przej\u015bcie, bo czytamy nazwy przecznic &#8211; jest tu bardzo zio\u0142owo! Rumiankowa, Melisy, Mniszka, Macierzanki&#8230; \ud83d\ude42<\/p>\n\n\n\n<p>W og\u00f3le nazwy ulic w okolicznych miejscowo\u015bciach s\u0105 godne uwagi, S\u0105 tu osiedla z nazwami ulic od warzyw i owoc\u00f3w, od drzew, od kolor\u00f3w, od krzew\u00f3w, od kwiatk\u00f3w, od pozytywnych przymiotnik\u00f3w, od kamieni szlachetnych, od pogody, od ptak\u00f3w itd. Super!<\/p>\n\n\n\n<p>Do zobaczenia na kolejnym smoczym szlaku!<\/p>\n\n\n\n<br>\n<div id=\"NokautAdsResultContainer\">\n<div class=\"NokautWidgetCI\">\n<a href=\"http:\/\/www.nokaut.pl\/?pid=141866&amp;cid=2\" onclick=\"NokautPP.clickTracker();\" rel=\"nofollow\">\n<span class=\"NokautWidgetCILogo1\">nokaut<\/span><span class=\"NokautWidgetCILogo2\">.pl<\/span>\n<span class=\"NokautWidgetCISlogan\">&nbsp;por\u00f3wnywarka cen<\/span>\n<\/a>\n<\/div>\n<\/div>\n<script type=\"text\/javascript\">\nnokaut_ad_mode = \"multi\";\nnokaut_ad_type = \"category\";\nnokaut_ad_content = [5781,5891,7027,8828,9174,9175,9178,9179,9180,9186,9187,9188,9189,9190,9200,9283,11008];\nnokaut_ad_partner = 141866;\nnokaut_ad_channel = 2;\nnokaut_ad_format = \"750x150\";\nnokaut_ad_newpage = 1;\n<\/script>\n<script type=\"text\/javascript\" src=\"\/\/widget.nokaut.pl\/pp\/nokaut.js\" charset=\"utf-8\"><\/script>\n","protected":false},"excerpt":{"rendered":"<p>Kolejny szczyt do kolekcji Korony G\u00f3r Polski to najwy\u017cszy szczyt Beskidu \u015al\u0105skiego &#8211; Skrzyczne.<\/p>\n","protected":false},"author":1,"featured_media":5471,"comment_status":"open","ping_status":"open","sticky":false,"template":"","format":"standard","meta":{"footnotes":""},"categories":[47,8,171,6],"tags":[60,105,41,135,54,55],"class_list":["post-5454","post","type-post","status-publish","format-standard","has-post-thumbnail","hentry","category-beskid-slaski","category-gory","category-kgp","category-na-spacerze","tag-beskid-slaski","tag-beskidy","tag-gory","tag-korona-gor-polski","tag-spacer","tag-wedrowka"],"yoast_head":"<!-- This site is optimized with the Yoast SEO plugin v27.4 - https:\/\/yoast.com\/product\/yoast-seo-wordpress\/ -->\n<title>Skrzyczne i Malinowska Ska\u0142a - Smocze wycieczki<\/title>\n<meta name=\"description\" content=\"Kolejny szczyt do kolekcji Korony G\u00f3r Polski to najwy\u017cszy szczyt Beskidu \u015al\u0105skiego - Skrzyczne.\" \/>\n<meta name=\"robots\" content=\"index, follow, max-snippet:-1, max-image-preview:large, max-video-preview:-1\" \/>\n<link rel=\"canonical\" href=\"https:\/\/bardzogrubysmok.pl\/wycieczki\/skrzyczne-i-malinowska-skala\/\" \/>\n<meta property=\"og:locale\" content=\"pl_PL\" \/>\n<meta property=\"og:type\" content=\"article\" \/>\n<meta property=\"og:title\" content=\"Skrzyczne i Malinowska Ska\u0142a - Smocze wycieczki\" \/>\n<meta property=\"og:description\" content=\"Kolejny szczyt do kolekcji Korony G\u00f3r Polski to najwy\u017cszy szczyt Beskidu \u015al\u0105skiego - Skrzyczne.\" \/>\n<meta property=\"og:url\" content=\"https:\/\/bardzogrubysmok.pl\/wycieczki\/skrzyczne-i-malinowska-skala\/\" \/>\n<meta property=\"og:site_name\" content=\"Smocze wycieczki\" \/>\n<meta property=\"article:published_time\" content=\"2024-07-20T16:37:00+00:00\" \/>\n<meta property=\"article:modified_time\" content=\"2025-11-12T12:12:16+00:00\" \/>\n<meta property=\"og:image\" content=\"https:\/\/bardzogrubysmok.pl\/wycieczki\/wp-content\/uploads\/2024\/07\/widok-na-Skrzyczne.jpg\" \/>\n\t<meta property=\"og:image:width\" content=\"1000\" \/>\n\t<meta property=\"og:image:height\" content=\"750\" \/>\n\t<meta property=\"og:image:type\" content=\"image\/jpeg\" \/>\n<meta name=\"author\" content=\"Bardzo Gruby Smok\" \/>\n<meta name=\"twitter:card\" content=\"summary_large_image\" \/>\n<meta name=\"twitter:label1\" content=\"Napisane przez\" \/>\n\t<meta name=\"twitter:data1\" content=\"Bardzo Gruby Smok\" \/>\n\t<meta name=\"twitter:label2\" content=\"Szacowany czas czytania\" \/>\n\t<meta name=\"twitter:data2\" content=\"9 minut\" \/>\n<script type=\"application\/ld+json\" class=\"yoast-schema-graph\">{\"@context\":\"https:\\\/\\\/schema.org\",\"@graph\":[{\"@type\":[\"Article\",\"BlogPosting\"],\"@id\":\"https:\\\/\\\/bardzogrubysmok.pl\\\/wycieczki\\\/skrzyczne-i-malinowska-skala\\\/#article\",\"isPartOf\":{\"@id\":\"https:\\\/\\\/bardzogrubysmok.pl\\\/wycieczki\\\/skrzyczne-i-malinowska-skala\\\/\"},\"author\":{\"name\":\"Bardzo Gruby Smok\",\"@id\":\"https:\\\/\\\/bardzogrubysmok.pl\\\/wycieczki\\\/#\\\/schema\\\/person\\\/34c19df8fb03f397464a511ae78c4314\"},\"headline\":\"Skrzyczne i Malinowska Ska\u0142a\",\"datePublished\":\"2024-07-20T16:37:00+00:00\",\"dateModified\":\"2025-11-12T12:12:16+00:00\",\"mainEntityOfPage\":{\"@id\":\"https:\\\/\\\/bardzogrubysmok.pl\\\/wycieczki\\\/skrzyczne-i-malinowska-skala\\\/\"},\"wordCount\":967,\"commentCount\":1,\"publisher\":{\"@id\":\"https:\\\/\\\/bardzogrubysmok.pl\\\/wycieczki\\\/#\\\/schema\\\/person\\\/34c19df8fb03f397464a511ae78c4314\"},\"image\":{\"@id\":\"https:\\\/\\\/bardzogrubysmok.pl\\\/wycieczki\\\/skrzyczne-i-malinowska-skala\\\/#primaryimage\"},\"thumbnailUrl\":\"https:\\\/\\\/bardzogrubysmok.pl\\\/wycieczki\\\/wp-content\\\/uploads\\\/2024\\\/07\\\/widok-na-Skrzyczne.jpg\",\"keywords\":[\"Beskid \u015al\u0105ski\",\"Beskidy\",\"g\u00f3ry\",\"Korona G\u00f3r Polski\",\"spacer\",\"w\u0119dr\u00f3wka\"],\"articleSection\":[\"Beskid \u015al\u0105ski\",\"g\u00f3ry\",\"Korona G\u00f3r Polski\",\"na spacerze\"],\"inLanguage\":\"pl-PL\",\"potentialAction\":[{\"@type\":\"CommentAction\",\"name\":\"Comment\",\"target\":[\"https:\\\/\\\/bardzogrubysmok.pl\\\/wycieczki\\\/skrzyczne-i-malinowska-skala\\\/#respond\"]}]},{\"@type\":\"WebPage\",\"@id\":\"https:\\\/\\\/bardzogrubysmok.pl\\\/wycieczki\\\/skrzyczne-i-malinowska-skala\\\/\",\"url\":\"https:\\\/\\\/bardzogrubysmok.pl\\\/wycieczki\\\/skrzyczne-i-malinowska-skala\\\/\",\"name\":\"Skrzyczne i Malinowska Ska\u0142a - Smocze wycieczki\",\"isPartOf\":{\"@id\":\"https:\\\/\\\/bardzogrubysmok.pl\\\/wycieczki\\\/#website\"},\"primaryImageOfPage\":{\"@id\":\"https:\\\/\\\/bardzogrubysmok.pl\\\/wycieczki\\\/skrzyczne-i-malinowska-skala\\\/#primaryimage\"},\"image\":{\"@id\":\"https:\\\/\\\/bardzogrubysmok.pl\\\/wycieczki\\\/skrzyczne-i-malinowska-skala\\\/#primaryimage\"},\"thumbnailUrl\":\"https:\\\/\\\/bardzogrubysmok.pl\\\/wycieczki\\\/wp-content\\\/uploads\\\/2024\\\/07\\\/widok-na-Skrzyczne.jpg\",\"datePublished\":\"2024-07-20T16:37:00+00:00\",\"dateModified\":\"2025-11-12T12:12:16+00:00\",\"description\":\"Kolejny szczyt do kolekcji Korony G\u00f3r Polski to najwy\u017cszy szczyt Beskidu \u015al\u0105skiego - Skrzyczne.\",\"breadcrumb\":{\"@id\":\"https:\\\/\\\/bardzogrubysmok.pl\\\/wycieczki\\\/skrzyczne-i-malinowska-skala\\\/#breadcrumb\"},\"inLanguage\":\"pl-PL\",\"potentialAction\":[{\"@type\":\"ReadAction\",\"target\":[\"https:\\\/\\\/bardzogrubysmok.pl\\\/wycieczki\\\/skrzyczne-i-malinowska-skala\\\/\"]}]},{\"@type\":\"ImageObject\",\"inLanguage\":\"pl-PL\",\"@id\":\"https:\\\/\\\/bardzogrubysmok.pl\\\/wycieczki\\\/skrzyczne-i-malinowska-skala\\\/#primaryimage\",\"url\":\"https:\\\/\\\/bardzogrubysmok.pl\\\/wycieczki\\\/wp-content\\\/uploads\\\/2024\\\/07\\\/widok-na-Skrzyczne.jpg\",\"contentUrl\":\"https:\\\/\\\/bardzogrubysmok.pl\\\/wycieczki\\\/wp-content\\\/uploads\\\/2024\\\/07\\\/widok-na-Skrzyczne.jpg\",\"width\":1000,\"height\":750,\"caption\":\"widok na Skrzyczne\"},{\"@type\":\"BreadcrumbList\",\"@id\":\"https:\\\/\\\/bardzogrubysmok.pl\\\/wycieczki\\\/skrzyczne-i-malinowska-skala\\\/#breadcrumb\",\"itemListElement\":[{\"@type\":\"ListItem\",\"position\":1,\"name\":\"Strona g\u0142\u00f3wna\",\"item\":\"https:\\\/\\\/bardzogrubysmok.pl\\\/wycieczki\\\/\"},{\"@type\":\"ListItem\",\"position\":2,\"name\":\"Skrzyczne i Malinowska Ska\u0142a\"}]},{\"@type\":\"WebSite\",\"@id\":\"https:\\\/\\\/bardzogrubysmok.pl\\\/wycieczki\\\/#website\",\"url\":\"https:\\\/\\\/bardzogrubysmok.pl\\\/wycieczki\\\/\",\"name\":\"Smocze wycieczki\",\"description\":\"\",\"publisher\":{\"@id\":\"https:\\\/\\\/bardzogrubysmok.pl\\\/wycieczki\\\/#\\\/schema\\\/person\\\/34c19df8fb03f397464a511ae78c4314\"},\"alternateName\":\"Smocze wycieczki\",\"potentialAction\":[{\"@type\":\"SearchAction\",\"target\":{\"@type\":\"EntryPoint\",\"urlTemplate\":\"https:\\\/\\\/bardzogrubysmok.pl\\\/wycieczki\\\/?s={search_term_string}\"},\"query-input\":{\"@type\":\"PropertyValueSpecification\",\"valueRequired\":true,\"valueName\":\"search_term_string\"}}],\"inLanguage\":\"pl-PL\"},{\"@type\":[\"Person\",\"Organization\"],\"@id\":\"https:\\\/\\\/bardzogrubysmok.pl\\\/wycieczki\\\/#\\\/schema\\\/person\\\/34c19df8fb03f397464a511ae78c4314\",\"name\":\"Bardzo Gruby Smok\",\"image\":{\"@type\":\"ImageObject\",\"inLanguage\":\"pl-PL\",\"@id\":\"https:\\\/\\\/bardzogrubysmok.pl\\\/wycieczki\\\/wp-content\\\/uploads\\\/2023\\\/04\\\/Logo-Bardzo-Gruby-Smok.png\",\"url\":\"https:\\\/\\\/bardzogrubysmok.pl\\\/wycieczki\\\/wp-content\\\/uploads\\\/2023\\\/04\\\/Logo-Bardzo-Gruby-Smok.png\",\"contentUrl\":\"https:\\\/\\\/bardzogrubysmok.pl\\\/wycieczki\\\/wp-content\\\/uploads\\\/2023\\\/04\\\/Logo-Bardzo-Gruby-Smok.png\",\"width\":400,\"height\":177,\"caption\":\"Bardzo Gruby Smok\"},\"logo\":{\"@id\":\"https:\\\/\\\/bardzogrubysmok.pl\\\/wycieczki\\\/wp-content\\\/uploads\\\/2023\\\/04\\\/Logo-Bardzo-Gruby-Smok.png\"},\"sameAs\":[\"https:\\\/\\\/bardzogrubysmok.pl\\\/wycieczki\"],\"url\":\"https:\\\/\\\/bardzogrubysmok.pl\\\/wycieczki\\\/author\\\/bardzogr_wyc\\\/\"}]}<\/script>\n<!-- \/ Yoast SEO plugin. -->","yoast_head_json":{"title":"Skrzyczne i Malinowska Ska\u0142a - Smocze wycieczki","description":"Kolejny szczyt do kolekcji Korony G\u00f3r Polski to najwy\u017cszy szczyt Beskidu \u015al\u0105skiego - Skrzyczne.","robots":{"index":"index","follow":"follow","max-snippet":"max-snippet:-1","max-image-preview":"max-image-preview:large","max-video-preview":"max-video-preview:-1"},"canonical":"https:\/\/bardzogrubysmok.pl\/wycieczki\/skrzyczne-i-malinowska-skala\/","og_locale":"pl_PL","og_type":"article","og_title":"Skrzyczne i Malinowska Ska\u0142a - Smocze wycieczki","og_description":"Kolejny szczyt do kolekcji Korony G\u00f3r Polski to najwy\u017cszy szczyt Beskidu \u015al\u0105skiego - Skrzyczne.","og_url":"https:\/\/bardzogrubysmok.pl\/wycieczki\/skrzyczne-i-malinowska-skala\/","og_site_name":"Smocze wycieczki","article_published_time":"2024-07-20T16:37:00+00:00","article_modified_time":"2025-11-12T12:12:16+00:00","og_image":[{"width":1000,"height":750,"url":"https:\/\/bardzogrubysmok.pl\/wycieczki\/wp-content\/uploads\/2024\/07\/widok-na-Skrzyczne.jpg","type":"image\/jpeg"}],"author":"Bardzo Gruby Smok","twitter_card":"summary_large_image","twitter_misc":{"Napisane przez":"Bardzo Gruby Smok","Szacowany czas czytania":"9 minut"},"schema":{"@context":"https:\/\/schema.org","@graph":[{"@type":["Article","BlogPosting"],"@id":"https:\/\/bardzogrubysmok.pl\/wycieczki\/skrzyczne-i-malinowska-skala\/#article","isPartOf":{"@id":"https:\/\/bardzogrubysmok.pl\/wycieczki\/skrzyczne-i-malinowska-skala\/"},"author":{"name":"Bardzo Gruby Smok","@id":"https:\/\/bardzogrubysmok.pl\/wycieczki\/#\/schema\/person\/34c19df8fb03f397464a511ae78c4314"},"headline":"Skrzyczne i Malinowska Ska\u0142a","datePublished":"2024-07-20T16:37:00+00:00","dateModified":"2025-11-12T12:12:16+00:00","mainEntityOfPage":{"@id":"https:\/\/bardzogrubysmok.pl\/wycieczki\/skrzyczne-i-malinowska-skala\/"},"wordCount":967,"commentCount":1,"publisher":{"@id":"https:\/\/bardzogrubysmok.pl\/wycieczki\/#\/schema\/person\/34c19df8fb03f397464a511ae78c4314"},"image":{"@id":"https:\/\/bardzogrubysmok.pl\/wycieczki\/skrzyczne-i-malinowska-skala\/#primaryimage"},"thumbnailUrl":"https:\/\/bardzogrubysmok.pl\/wycieczki\/wp-content\/uploads\/2024\/07\/widok-na-Skrzyczne.jpg","keywords":["Beskid \u015al\u0105ski","Beskidy","g\u00f3ry","Korona G\u00f3r Polski","spacer","w\u0119dr\u00f3wka"],"articleSection":["Beskid \u015al\u0105ski","g\u00f3ry","Korona G\u00f3r Polski","na spacerze"],"inLanguage":"pl-PL","potentialAction":[{"@type":"CommentAction","name":"Comment","target":["https:\/\/bardzogrubysmok.pl\/wycieczki\/skrzyczne-i-malinowska-skala\/#respond"]}]},{"@type":"WebPage","@id":"https:\/\/bardzogrubysmok.pl\/wycieczki\/skrzyczne-i-malinowska-skala\/","url":"https:\/\/bardzogrubysmok.pl\/wycieczki\/skrzyczne-i-malinowska-skala\/","name":"Skrzyczne i Malinowska Ska\u0142a - Smocze wycieczki","isPartOf":{"@id":"https:\/\/bardzogrubysmok.pl\/wycieczki\/#website"},"primaryImageOfPage":{"@id":"https:\/\/bardzogrubysmok.pl\/wycieczki\/skrzyczne-i-malinowska-skala\/#primaryimage"},"image":{"@id":"https:\/\/bardzogrubysmok.pl\/wycieczki\/skrzyczne-i-malinowska-skala\/#primaryimage"},"thumbnailUrl":"https:\/\/bardzogrubysmok.pl\/wycieczki\/wp-content\/uploads\/2024\/07\/widok-na-Skrzyczne.jpg","datePublished":"2024-07-20T16:37:00+00:00","dateModified":"2025-11-12T12:12:16+00:00","description":"Kolejny szczyt do kolekcji Korony G\u00f3r Polski to najwy\u017cszy szczyt Beskidu \u015al\u0105skiego - Skrzyczne.","breadcrumb":{"@id":"https:\/\/bardzogrubysmok.pl\/wycieczki\/skrzyczne-i-malinowska-skala\/#breadcrumb"},"inLanguage":"pl-PL","potentialAction":[{"@type":"ReadAction","target":["https:\/\/bardzogrubysmok.pl\/wycieczki\/skrzyczne-i-malinowska-skala\/"]}]},{"@type":"ImageObject","inLanguage":"pl-PL","@id":"https:\/\/bardzogrubysmok.pl\/wycieczki\/skrzyczne-i-malinowska-skala\/#primaryimage","url":"https:\/\/bardzogrubysmok.pl\/wycieczki\/wp-content\/uploads\/2024\/07\/widok-na-Skrzyczne.jpg","contentUrl":"https:\/\/bardzogrubysmok.pl\/wycieczki\/wp-content\/uploads\/2024\/07\/widok-na-Skrzyczne.jpg","width":1000,"height":750,"caption":"widok na Skrzyczne"},{"@type":"BreadcrumbList","@id":"https:\/\/bardzogrubysmok.pl\/wycieczki\/skrzyczne-i-malinowska-skala\/#breadcrumb","itemListElement":[{"@type":"ListItem","position":1,"name":"Strona g\u0142\u00f3wna","item":"https:\/\/bardzogrubysmok.pl\/wycieczki\/"},{"@type":"ListItem","position":2,"name":"Skrzyczne i Malinowska Ska\u0142a"}]},{"@type":"WebSite","@id":"https:\/\/bardzogrubysmok.pl\/wycieczki\/#website","url":"https:\/\/bardzogrubysmok.pl\/wycieczki\/","name":"Smocze wycieczki","description":"","publisher":{"@id":"https:\/\/bardzogrubysmok.pl\/wycieczki\/#\/schema\/person\/34c19df8fb03f397464a511ae78c4314"},"alternateName":"Smocze wycieczki","potentialAction":[{"@type":"SearchAction","target":{"@type":"EntryPoint","urlTemplate":"https:\/\/bardzogrubysmok.pl\/wycieczki\/?s={search_term_string}"},"query-input":{"@type":"PropertyValueSpecification","valueRequired":true,"valueName":"search_term_string"}}],"inLanguage":"pl-PL"},{"@type":["Person","Organization"],"@id":"https:\/\/bardzogrubysmok.pl\/wycieczki\/#\/schema\/person\/34c19df8fb03f397464a511ae78c4314","name":"Bardzo Gruby Smok","image":{"@type":"ImageObject","inLanguage":"pl-PL","@id":"https:\/\/bardzogrubysmok.pl\/wycieczki\/wp-content\/uploads\/2023\/04\/Logo-Bardzo-Gruby-Smok.png","url":"https:\/\/bardzogrubysmok.pl\/wycieczki\/wp-content\/uploads\/2023\/04\/Logo-Bardzo-Gruby-Smok.png","contentUrl":"https:\/\/bardzogrubysmok.pl\/wycieczki\/wp-content\/uploads\/2023\/04\/Logo-Bardzo-Gruby-Smok.png","width":400,"height":177,"caption":"Bardzo Gruby Smok"},"logo":{"@id":"https:\/\/bardzogrubysmok.pl\/wycieczki\/wp-content\/uploads\/2023\/04\/Logo-Bardzo-Gruby-Smok.png"},"sameAs":["https:\/\/bardzogrubysmok.pl\/wycieczki"],"url":"https:\/\/bardzogrubysmok.pl\/wycieczki\/author\/bardzogr_wyc\/"}]}},"_links":{"self":[{"href":"https:\/\/bardzogrubysmok.pl\/wycieczki\/wp-json\/wp\/v2\/posts\/5454","targetHints":{"allow":["GET"]}}],"collection":[{"href":"https:\/\/bardzogrubysmok.pl\/wycieczki\/wp-json\/wp\/v2\/posts"}],"about":[{"href":"https:\/\/bardzogrubysmok.pl\/wycieczki\/wp-json\/wp\/v2\/types\/post"}],"author":[{"embeddable":true,"href":"https:\/\/bardzogrubysmok.pl\/wycieczki\/wp-json\/wp\/v2\/users\/1"}],"replies":[{"embeddable":true,"href":"https:\/\/bardzogrubysmok.pl\/wycieczki\/wp-json\/wp\/v2\/comments?post=5454"}],"version-history":[{"count":11,"href":"https:\/\/bardzogrubysmok.pl\/wycieczki\/wp-json\/wp\/v2\/posts\/5454\/revisions"}],"predecessor-version":[{"id":5515,"href":"https:\/\/bardzogrubysmok.pl\/wycieczki\/wp-json\/wp\/v2\/posts\/5454\/revisions\/5515"}],"wp:featuredmedia":[{"embeddable":true,"href":"https:\/\/bardzogrubysmok.pl\/wycieczki\/wp-json\/wp\/v2\/media\/5471"}],"wp:attachment":[{"href":"https:\/\/bardzogrubysmok.pl\/wycieczki\/wp-json\/wp\/v2\/media?parent=5454"}],"wp:term":[{"taxonomy":"category","embeddable":true,"href":"https:\/\/bardzogrubysmok.pl\/wycieczki\/wp-json\/wp\/v2\/categories?post=5454"},{"taxonomy":"post_tag","embeddable":true,"href":"https:\/\/bardzogrubysmok.pl\/wycieczki\/wp-json\/wp\/v2\/tags?post=5454"}],"curies":[{"name":"wp","href":"https:\/\/api.w.org\/{rel}","templated":true}]}}