

{"id":1969,"date":"2023-07-12T20:51:06","date_gmt":"2023-07-12T18:51:06","guid":{"rendered":"https:\/\/bardzogrubysmok.pl\/wycieczki\/?p=1969"},"modified":"2025-09-26T21:54:19","modified_gmt":"2025-09-26T19:54:19","slug":"green-velo-dzien-14-zwierzyniec-horyniec-zdroj","status":"publish","type":"post","link":"https:\/\/bardzogrubysmok.pl\/wycieczki\/green-velo-dzien-14-zwierzyniec-horyniec-zdroj\/","title":{"rendered":"Green Velo \u2013 Dzie\u0144 14: Zwierzyniec \u2013 Horyniec Zdr\u00f3j"},"content":{"rendered":"\n<p>Roztocza\u0144ski Park Narodowy, szumy na Tanwi oraz wjazd w Podkarpackie to nasz kolejny dzie\u0144 na trasie Green Velo. Przyroda tu jest pi\u0119kna!<\/p>\n\n\n\n<!--more-->\n\n\n\n<figure class=\"wp-block-table is-style-stripes\"><table><tbody><tr><td><strong>Rodzaj trasy:<\/strong><\/td><td>d\u0142ugodystansowa<\/td><\/tr><tr><td><strong>Szlak:<\/strong><\/td><td>Green Velo + Centralny Szlak Rowerowy Roztocza<\/td><\/tr><tr><td><strong>Liczba kilometr\u00f3w:<\/strong><\/td><td>89,5km<\/td><\/tr><tr><td><strong>Trudno\u015b\u0107:<\/strong><\/td><td>\u0142atwy<\/td><\/tr><tr><td><strong>Przewy\u017cszenia:<\/strong><\/td><td>649 m \u2191 650 m \u2193<\/td><\/tr><tr><td><strong>Pod\u0142o\u017ce:<\/strong><\/td><td>asfalt, szutry, piaski<\/td><\/tr><tr><td><strong>Drogi:<\/strong><\/td><td>drogi i \u015bcie\u017cki le\u015bne, drogi o ma\u0142ym i \u015brednim nat\u0119\u017ceniu ruchu, \u015bcie\u017cki rowerowe<\/td><\/tr><tr><td><strong>Atrakcje dodatkowe:<\/strong><\/td><td>Zwierzyniec (ko\u015bci\u00f3\u0142 Na Wodzie, browar), Roztocza\u0144ski Park Narodowy, stawy Echo, J\u00f3zef\u00f3w Park Krajobrazowy Puszczy Solskiej, Rezerwat Przyrody nad Tanwi\u0105, szumy na Tanwi, Narol (pa\u0142ac \u0142osi\u00f3w), Stare Brusno (wodospad, bunkry linii Mo\u0142otowa), Nowe Brusno (cerkiew \u015bw. Paraksewy)<\/td><\/tr><tr><td><strong>\u015alad GPX<\/strong><\/td><td><\/td><\/tr><\/tbody><\/table><\/figure>\n\n\n<p><link rel='stylesheet' id='osm-ol3-css-css' href='https:\/\/bardzogrubysmok.pl\/wycieczki\/wp-content\/plugins\/osm\/js\/OL\/10.9.0\/ol.css?ver=6.9.4' type='text\/css' media='all' \/>\n<link rel='stylesheet' id='osm-ol3-ext-css-css' href='https:\/\/bardzogrubysmok.pl\/wycieczki\/wp-content\/plugins\/osm\/css\/osm_map_v3.css?ver=6.9.4' type='text\/css' media='all' \/>\n<link rel='stylesheet' id='osm-map-css-css' href='https:\/\/bardzogrubysmok.pl\/wycieczki\/wp-content\/plugins\/osm\/css\/osm_map.css?ver=6.9.4' type='text\/css' media='all' \/>\n<script type=\"text\/javascript\" src=\"https:\/\/bardzogrubysmok.pl\/wycieczki\/wp-includes\/js\/dist\/vendor\/wp-polyfill.min.js?ver=3.15.0\" id=\"wp-polyfill-js\"><\/script>\n<script type=\"text\/javascript\" src=\"https:\/\/bardzogrubysmok.pl\/wycieczki\/wp-content\/plugins\/osm\/js\/OL\/10.9.0\/ol.js?ver=10.9.0\" id=\"osm-ol3-library-js\"><\/script>\n<script type=\"text\/javascript\" src=\"https:\/\/bardzogrubysmok.pl\/wycieczki\/wp-content\/plugins\/osm\/js\/osm-v3-plugin-lib.js?ver=1.0.0\" id=\"osm-ol3-ext-library-js\"><\/script>\n<script type=\"text\/javascript\" src=\"https:\/\/bardzogrubysmok.pl\/wycieczki\/wp-content\/plugins\/osm\/js\/osm-metabox-events.js?ver=1.0.0\" id=\"osm-ol3-metabox-events-js\"><\/script>\n<script type=\"text\/javascript\" src=\"https:\/\/bardzogrubysmok.pl\/wycieczki\/wp-includes\/js\/jquery\/jquery.min.js?ver=3.7.1\" id=\"jquery-core-js\"><\/script>\n<script type=\"text\/javascript\" src=\"https:\/\/bardzogrubysmok.pl\/wycieczki\/wp-includes\/js\/jquery\/jquery-migrate.min.js?ver=3.4.1\" id=\"jquery-migrate-js\"><\/script>\n<script type=\"text\/javascript\" id=\"osm-map-startup-js-extra\">\n\/* <![CDATA[ *\/\nvar translations = {\"openlayer\":\"open layer\",\"openlayerAtStartup\":\"open layer at startup\",\"generateLink\":\"link to this map with opened layers\",\"shortDescription\":\"short description\",\"generatedShortCode\":\"to get a text control link paste this code in your wordpress editor\",\"closeLayer\":\"close layer\",\"cantGenerateLink\":\"put this string in the existing map short code to control this map\"};\n\/\/# sourceURL=osm-map-startup-js-extra\n\/* ]]> *\/\n<\/script>\n<script type=\"text\/javascript\" src=\"https:\/\/bardzogrubysmok.pl\/wycieczki\/wp-content\/plugins\/osm\/js\/osm-startup-lib.js?ver=V6.2.5\" id=\"osm-map-startup-js\"><\/script>\n\n        <div id=\"map_ol3js_1\"\n       class=\"osm-map-container undefined\"\n             data-map_name=\"undefined\"\n             data-map=\"map_ol3js_1\"\n             data-autoshow=\"no\"\n             style=\"width:100%;\n                    max-width:100%;\n                    height:450px;\n                    display:block;\n                    overflow:hidden;\n                    border:2px solid grey;\n                    position: relative;\">\n          <div id=\"map_ol3js_1_popup\" class=\"ol-popup\">\n            <a href=\"#\" id=\"map_ol3js_1_popup-closer\" class=\"ol-popup-closer\"><\/a>\n            <div id=\"map_ol3js_1_popup-content\"><\/div>\n          <\/div>\n        <\/div>\n    <script type=\"text\/javascript\">\n\t\t\t  vectorM['map_ol3js_1'] = [];\n\t        \n        var raster = getTileLayer(\"osm\",\"NoKey\");\t\t\t\n\n\t\t\t  var map_ol3js_1 = new ol.Map({\n\t\t\t\tinteractions: ol.interaction.defaults.defaults({mouseWheelZoom:false}),\n\t\t\t\tlayers: [raster],\n\t\t\t\ttarget: \"map_ol3js_1\",\n\t\t\t\tview: new ol.View({\n\t\t\t\t  center: ol.proj.transform([6.378,58.213], \"EPSG:4326\", \"EPSG:3857\"),\n\t\t\t\t  zoom: 9\n\t\t\t\t})\n\t\t\t  });\n\t\t\t  \n    var style_map_ol3js_1_0 = {\n      \"Point\": [new ol.style.Style({\n\n          image: new ol.style.Icon({\n            anchor: [0.5, 41],\n            anchorXUnits: \"fraction\",\n            anchorYUnits: \"pixels\",\n            opacity: 0.75,\n            src: \"https:\/\/bardzogrubysmok.pl\/wycieczki\/wp-content\/plugins\/osm\/icons\/mic_green_pinother_02.png\"\n          })\n      })],\n\n      \"LineString\": [new ol.style.Style({\n        stroke: new ol.style.Stroke({\n          color: \"green\",\n          width: 8\n        })\n      })],\n      \"MultiLineString\": [new ol.style.Style({\n        stroke: new ol.style.Stroke({\n          color: \"green\",\n          width: 4\n        })\n      })]\n    };\n\t\t  var vectorL0 = new ol.layer.Vector({\n\t\t\t\tsource: new ol.source.Vector({\n\t\t\t\turl:\"https:\/\/bardzogrubysmok.pl\/wycieczki\/wp-content\/uploads\/gpx\/2023GreenVelo-14Zwierzyniec-HoryniecZdr\u00f3j.gpx\",\n\t\t\t\tformat: new ol.format.GPX({\n\t\t\t\t\textractStyles: false\n\t\t\t\t})\n\t\t\t}),\n\t\t\tzIndex: 92,\n\t\t\tstyle: function(feature, resolution) {return style_map_ol3js_1_0[feature.getGeometry().getType()];}\n\t\t  });\n\t\t  map_ol3js_1.addLayer(vectorL0);\n      var extension1 = ol.extent.createEmpty();\n      var curZoom1 = map_ol3js_1.getView().getZoom();\n\n      map_ol3js_1.getLayers().forEach(function(layer){\n         if(!layer.get(\"id\")) {     \n            layer.once(\"change\", function(e){\n               ol.extent.extend(extension1, (layer.getSource().getExtent()));\n               map_ol3js_1.getView().fit(extension1, {padding: [50, 50, 50, 50]});\n            });\n         }\n      });\n\n    \naddControls2Map(map_ol3js_1,0,0,3,0,5,6,7,0,1);\nosm_addPopupClickhandler(map_ol3js_1,  \"map_ol3js_1\"); \nosm_addMouseHover(map_ol3js_1); <\/script><br \/><\/p>\n\n\n\n<p>Po dniu &#8222;odpoczynku&#8221; zaczynamy czu\u0107 zakwasy w ramionach i plecach. Nie ma to, jak na wycieczce rowerowej wol\u0105 si\u0119 r\u0119ce \ud83d\ude00<\/p>\n\n\n\n<p>W pierwszej kolejno\u015bci jemy nie\u015bpieszne \u015bniadanie i przeje\u017cd\u017camy przez Zwierzyniec, \u017ceby jeszcze zobaczy\u0107 kilka rzeczy i kupi\u0107 pami\u0105tkowy magnes. Wczoraj po obiedzie po kajakach ju\u017c wst\u0119pnie zwiedzali\u015bmy, ale sklep z pami\u0105tkami by\u0142 ju\u017c zamkni\u0119ty o 18. Nadrabiamy wi\u0119c zaleg\u0142o\u015bci. W Zwierzy\u0144cu przede wszystkim koniecznie trzeba zobaczy\u0107 kaplic\u0119 na wodzie i browar, a tak\u017ce przespacerowa\u0107 si\u0119 po Zwierzy\u0144czyku. Zainspirowani czytan\u0105 ksi\u0105\u017ck\u0105, kt\u00f3rej akcja dzieje si\u0119 na Roztoczu, podje\u017cd\u017camy zobaczy\u0107 pomnik szara\u0144czy &#8211; bohaterki ksi\u0105\u017cki maj\u0105 racj\u0119 nazywaj\u0105c go &#8222;pomnikiem kucanym&#8221;. Stanowczo nie jest to podstawowa atrakcja, kt\u00f3r\u0105 tu trzeba zobaczy\u0107.<\/p>\n\n\n\n<figure class=\"wp-block-gallery has-nested-images columns-2 is-cropped wp-block-gallery-1 is-layout-flex wp-block-gallery-is-layout-flex\">\n<figure class=\"wp-block-image size-large\"><a href=\"https:\/\/bardzogrubysmok.pl\/wycieczki\/wp-content\/uploads\/2023\/07\/Zwierzynczyk.jpg\"><img loading=\"lazy\" decoding=\"async\" width=\"973\" height=\"730\" data-id=\"2471\" src=\"https:\/\/bardzogrubysmok.pl\/wycieczki\/wp-content\/uploads\/2023\/07\/Zwierzynczyk.jpg\" alt=\"Zwierzy\u0144czyk\" class=\"wp-image-2471\" srcset=\"https:\/\/bardzogrubysmok.pl\/wycieczki\/wp-content\/uploads\/2023\/07\/Zwierzynczyk.jpg 973w, https:\/\/bardzogrubysmok.pl\/wycieczki\/wp-content\/uploads\/2023\/07\/Zwierzynczyk-300x225.jpg 300w, https:\/\/bardzogrubysmok.pl\/wycieczki\/wp-content\/uploads\/2023\/07\/Zwierzynczyk-768x576.jpg 768w, https:\/\/bardzogrubysmok.pl\/wycieczki\/wp-content\/uploads\/2023\/07\/Zwierzynczyk-850x638.jpg 850w\" sizes=\"auto, (max-width: 973px) 100vw, 973px\" \/><\/a><figcaption class=\"wp-element-caption\">Zwierzy\u0144czyk<\/figcaption><\/figure>\n\n\n\n<figure class=\"wp-block-image size-large\"><a href=\"https:\/\/bardzogrubysmok.pl\/wycieczki\/wp-content\/uploads\/2023\/07\/Zwierzyniec-pomnik-szaranczy.jpg\"><img loading=\"lazy\" decoding=\"async\" width=\"973\" height=\"730\" data-id=\"2470\" src=\"https:\/\/bardzogrubysmok.pl\/wycieczki\/wp-content\/uploads\/2023\/07\/Zwierzyniec-pomnik-szaranczy.jpg\" alt=\"Zwierzyniec - pomnik szara\u0144czy\" class=\"wp-image-2470\" srcset=\"https:\/\/bardzogrubysmok.pl\/wycieczki\/wp-content\/uploads\/2023\/07\/Zwierzyniec-pomnik-szaranczy.jpg 973w, https:\/\/bardzogrubysmok.pl\/wycieczki\/wp-content\/uploads\/2023\/07\/Zwierzyniec-pomnik-szaranczy-300x225.jpg 300w, https:\/\/bardzogrubysmok.pl\/wycieczki\/wp-content\/uploads\/2023\/07\/Zwierzyniec-pomnik-szaranczy-768x576.jpg 768w, https:\/\/bardzogrubysmok.pl\/wycieczki\/wp-content\/uploads\/2023\/07\/Zwierzyniec-pomnik-szaranczy-850x638.jpg 850w\" sizes=\"auto, (max-width: 973px) 100vw, 973px\" \/><\/a><figcaption class=\"wp-element-caption\">Zwierzyniec &#8211; pomnik szara\u0144czy<\/figcaption><\/figure>\n\n\n\n<figure class=\"wp-block-image size-large\"><a href=\"https:\/\/bardzogrubysmok.pl\/wycieczki\/wp-content\/uploads\/2023\/07\/Kaplica-na-wodzie.jpg\"><img loading=\"lazy\" decoding=\"async\" width=\"973\" height=\"730\" data-id=\"2450\" src=\"https:\/\/bardzogrubysmok.pl\/wycieczki\/wp-content\/uploads\/2023\/07\/Kaplica-na-wodzie.jpg\" alt=\"Kaplica na wodzie\" class=\"wp-image-2450\" srcset=\"https:\/\/bardzogrubysmok.pl\/wycieczki\/wp-content\/uploads\/2023\/07\/Kaplica-na-wodzie.jpg 973w, https:\/\/bardzogrubysmok.pl\/wycieczki\/wp-content\/uploads\/2023\/07\/Kaplica-na-wodzie-300x225.jpg 300w, https:\/\/bardzogrubysmok.pl\/wycieczki\/wp-content\/uploads\/2023\/07\/Kaplica-na-wodzie-768x576.jpg 768w, https:\/\/bardzogrubysmok.pl\/wycieczki\/wp-content\/uploads\/2023\/07\/Kaplica-na-wodzie-850x638.jpg 850w\" sizes=\"auto, (max-width: 973px) 100vw, 973px\" \/><\/a><figcaption class=\"wp-element-caption\">Kaplica na wodzie<\/figcaption><\/figure>\n<\/figure>\n\n\n\n<p>Zaraz za Zwierzy\u0144cem podje\u017cd\u017camy do staw\u00f3w Echo. Najpierw widzimy je od strony pla\u017cy (s\u0105 tu fajne drewniane pomosty w lesie ze \u015bcie\u017ck\u0105 edukacyjn\u0105), a nast\u0119pnie z g\u00f3ry z wie\u017cy widokowej. Na wie\u017cy dostrzega nas stra\u017cnik parku i podchodzi z biletami, je\u017celi chcemy wjecha\u0107 do parku narodowego. Chcemy i to bardzo, spory kawa\u0142ek zaraz b\u0119dziemy przeje\u017cd\u017ca\u0107 przez RPN.<\/p>\n\n\n\n<figure class=\"wp-block-gallery has-nested-images columns-2 is-cropped wp-block-gallery-2 is-layout-flex wp-block-gallery-is-layout-flex\">\n<figure class=\"wp-block-image size-large\"><a href=\"https:\/\/bardzogrubysmok.pl\/wycieczki\/wp-content\/uploads\/2023\/07\/Stawy-Echo.jpg\"><img loading=\"lazy\" decoding=\"async\" width=\"973\" height=\"730\" data-id=\"2466\" src=\"https:\/\/bardzogrubysmok.pl\/wycieczki\/wp-content\/uploads\/2023\/07\/Stawy-Echo.jpg\" alt=\"Stawy Echo\" class=\"wp-image-2466\" srcset=\"https:\/\/bardzogrubysmok.pl\/wycieczki\/wp-content\/uploads\/2023\/07\/Stawy-Echo.jpg 973w, https:\/\/bardzogrubysmok.pl\/wycieczki\/wp-content\/uploads\/2023\/07\/Stawy-Echo-300x225.jpg 300w, https:\/\/bardzogrubysmok.pl\/wycieczki\/wp-content\/uploads\/2023\/07\/Stawy-Echo-768x576.jpg 768w, https:\/\/bardzogrubysmok.pl\/wycieczki\/wp-content\/uploads\/2023\/07\/Stawy-Echo-850x638.jpg 850w\" sizes=\"auto, (max-width: 973px) 100vw, 973px\" \/><\/a><figcaption class=\"wp-element-caption\">Stawy Echo<\/figcaption><\/figure>\n\n\n\n<figure class=\"wp-block-image size-large\"><a href=\"https:\/\/bardzogrubysmok.pl\/wycieczki\/wp-content\/uploads\/2023\/07\/Stawy-Echo-2.jpg\"><img loading=\"lazy\" decoding=\"async\" width=\"973\" height=\"730\" data-id=\"2465\" src=\"https:\/\/bardzogrubysmok.pl\/wycieczki\/wp-content\/uploads\/2023\/07\/Stawy-Echo-2.jpg\" alt=\"Stawy Echo\" class=\"wp-image-2465\" srcset=\"https:\/\/bardzogrubysmok.pl\/wycieczki\/wp-content\/uploads\/2023\/07\/Stawy-Echo-2.jpg 973w, https:\/\/bardzogrubysmok.pl\/wycieczki\/wp-content\/uploads\/2023\/07\/Stawy-Echo-2-300x225.jpg 300w, https:\/\/bardzogrubysmok.pl\/wycieczki\/wp-content\/uploads\/2023\/07\/Stawy-Echo-2-768x576.jpg 768w, https:\/\/bardzogrubysmok.pl\/wycieczki\/wp-content\/uploads\/2023\/07\/Stawy-Echo-2-850x638.jpg 850w\" sizes=\"auto, (max-width: 973px) 100vw, 973px\" \/><\/a><figcaption class=\"wp-element-caption\">Stawy Echo<\/figcaption><\/figure>\n<\/figure>\n\n\n\n<p>No i rzeczywi\u015bcie chwil\u0119 p\u00f3\u017aniej wje\u017cd\u017camy do Roztocza\u0144skiego Parku Narodowego tak ju\u017c na dobre. I to jest dok\u0142adnie to, czego spodziewali\u015bmy si\u0119 po wszystkich wcze\u015bniejszych parkach narodowych &#8211; las, a w nim szeroka szutrowa droga pieszo-rowerowa i jedynie samochody stra\u017cnik\u00f3w parku mog\u0105 tu wjecha\u0107. Jedzie si\u0119 super! Czysta przyjemno\u015b\u0107. Podje\u017cd\u017camy nad Czarny Staw.<\/p>\n\n\n\n<figure class=\"wp-block-gallery has-nested-images columns-2 is-cropped wp-block-gallery-3 is-layout-flex wp-block-gallery-is-layout-flex\">\n<figure class=\"wp-block-image size-large\"><a href=\"https:\/\/bardzogrubysmok.pl\/wycieczki\/wp-content\/uploads\/2023\/07\/Roztoczanski-Park-Narodowy.jpg\"><img loading=\"lazy\" decoding=\"async\" width=\"973\" height=\"730\" data-id=\"2462\" src=\"https:\/\/bardzogrubysmok.pl\/wycieczki\/wp-content\/uploads\/2023\/07\/Roztoczanski-Park-Narodowy.jpg\" alt=\"Roztocza\u0144ski Park Narodowy\" class=\"wp-image-2462\" srcset=\"https:\/\/bardzogrubysmok.pl\/wycieczki\/wp-content\/uploads\/2023\/07\/Roztoczanski-Park-Narodowy.jpg 973w, https:\/\/bardzogrubysmok.pl\/wycieczki\/wp-content\/uploads\/2023\/07\/Roztoczanski-Park-Narodowy-300x225.jpg 300w, https:\/\/bardzogrubysmok.pl\/wycieczki\/wp-content\/uploads\/2023\/07\/Roztoczanski-Park-Narodowy-768x576.jpg 768w, https:\/\/bardzogrubysmok.pl\/wycieczki\/wp-content\/uploads\/2023\/07\/Roztoczanski-Park-Narodowy-850x638.jpg 850w\" sizes=\"auto, (max-width: 973px) 100vw, 973px\" \/><\/a><figcaption class=\"wp-element-caption\">Roztocza\u0144ski Park Narodowy<\/figcaption><\/figure>\n\n\n\n<figure class=\"wp-block-image size-large\"><a href=\"https:\/\/bardzogrubysmok.pl\/wycieczki\/wp-content\/uploads\/2023\/07\/Roztoczanski-Park-Narodowy-2.jpg\"><img loading=\"lazy\" decoding=\"async\" width=\"973\" height=\"730\" data-id=\"2461\" src=\"https:\/\/bardzogrubysmok.pl\/wycieczki\/wp-content\/uploads\/2023\/07\/Roztoczanski-Park-Narodowy-2.jpg\" alt=\"Roztocza\u0144ski Park Narodowy\" class=\"wp-image-2461\" srcset=\"https:\/\/bardzogrubysmok.pl\/wycieczki\/wp-content\/uploads\/2023\/07\/Roztoczanski-Park-Narodowy-2.jpg 973w, https:\/\/bardzogrubysmok.pl\/wycieczki\/wp-content\/uploads\/2023\/07\/Roztoczanski-Park-Narodowy-2-300x225.jpg 300w, https:\/\/bardzogrubysmok.pl\/wycieczki\/wp-content\/uploads\/2023\/07\/Roztoczanski-Park-Narodowy-2-768x576.jpg 768w, https:\/\/bardzogrubysmok.pl\/wycieczki\/wp-content\/uploads\/2023\/07\/Roztoczanski-Park-Narodowy-2-850x638.jpg 850w\" sizes=\"auto, (max-width: 973px) 100vw, 973px\" \/><\/a><figcaption class=\"wp-element-caption\">Roztocza\u0144ski Park Narodowy<\/figcaption><\/figure>\n\n\n\n<figure class=\"wp-block-image size-large\"><a href=\"https:\/\/bardzogrubysmok.pl\/wycieczki\/wp-content\/uploads\/2023\/07\/Roztoczanski-Park-Narodowy-Czarny-Staw.jpg\"><img loading=\"lazy\" decoding=\"async\" width=\"973\" height=\"730\" data-id=\"2458\" src=\"https:\/\/bardzogrubysmok.pl\/wycieczki\/wp-content\/uploads\/2023\/07\/Roztoczanski-Park-Narodowy-Czarny-Staw.jpg\" alt=\"Roztocza\u0144ski Park Narodowy - Czarny Staw\" class=\"wp-image-2458\" srcset=\"https:\/\/bardzogrubysmok.pl\/wycieczki\/wp-content\/uploads\/2023\/07\/Roztoczanski-Park-Narodowy-Czarny-Staw.jpg 973w, https:\/\/bardzogrubysmok.pl\/wycieczki\/wp-content\/uploads\/2023\/07\/Roztoczanski-Park-Narodowy-Czarny-Staw-300x225.jpg 300w, https:\/\/bardzogrubysmok.pl\/wycieczki\/wp-content\/uploads\/2023\/07\/Roztoczanski-Park-Narodowy-Czarny-Staw-768x576.jpg 768w, https:\/\/bardzogrubysmok.pl\/wycieczki\/wp-content\/uploads\/2023\/07\/Roztoczanski-Park-Narodowy-Czarny-Staw-850x638.jpg 850w\" sizes=\"auto, (max-width: 973px) 100vw, 973px\" \/><\/a><figcaption class=\"wp-element-caption\">Roztocza\u0144ski Park Narodowy &#8211; Czarny Staw<\/figcaption><\/figure>\n<\/figure>\n\n\n\n<p>Kolejn\u0105 atrakcj\u0105 Roztocza jest jego symbol &#8211; konik polski. We Floriance znajduje si\u0119 hodowla konika polskiego i za kilkana\u015bcie z\u0142otych mo\u017cna si\u0119 przejecha\u0107 na jednym przez chwil\u0119. Kolejne konie na naszej trasie \ud83d\ude42<\/p>\n\n\n\n<figure class=\"wp-block-gallery has-nested-images columns-2 is-cropped wp-block-gallery-4 is-layout-flex wp-block-gallery-is-layout-flex\">\n<figure class=\"wp-block-image size-large\"><a href=\"https:\/\/bardzogrubysmok.pl\/wycieczki\/wp-content\/uploads\/2023\/07\/Roztoczanski-Park-Narodowy-koniki-polskie.jpg\"><img loading=\"lazy\" decoding=\"async\" width=\"973\" height=\"730\" data-id=\"2460\" src=\"https:\/\/bardzogrubysmok.pl\/wycieczki\/wp-content\/uploads\/2023\/07\/Roztoczanski-Park-Narodowy-koniki-polskie.jpg\" alt=\"Roztocza\u0144ski Park Narodowy - koniki polskie\" class=\"wp-image-2460\" srcset=\"https:\/\/bardzogrubysmok.pl\/wycieczki\/wp-content\/uploads\/2023\/07\/Roztoczanski-Park-Narodowy-koniki-polskie.jpg 973w, https:\/\/bardzogrubysmok.pl\/wycieczki\/wp-content\/uploads\/2023\/07\/Roztoczanski-Park-Narodowy-koniki-polskie-300x225.jpg 300w, https:\/\/bardzogrubysmok.pl\/wycieczki\/wp-content\/uploads\/2023\/07\/Roztoczanski-Park-Narodowy-koniki-polskie-768x576.jpg 768w, https:\/\/bardzogrubysmok.pl\/wycieczki\/wp-content\/uploads\/2023\/07\/Roztoczanski-Park-Narodowy-koniki-polskie-850x638.jpg 850w\" sizes=\"auto, (max-width: 973px) 100vw, 973px\" \/><\/a><figcaption class=\"wp-element-caption\">Roztocza\u0144ski Park Narodowy &#8211; koniki polskie<\/figcaption><\/figure>\n<\/figure>\n\n\n\n<p>Jeszcze przed wyjazdem z Roztocza\u0144skiego Parku Narodowego natrafiamy na kolejn\u0105 atrakcj\u0119. W \u015brodku lasu przy drodze ustawiona jest sporej wielko\u015bci ikona \u015bw. Krzysztofa. Podsta\u0142a w ramach festiwalu Landart, w czasie kt\u00f3rego arty\u015bci z r\u00f3\u017cnych kraj\u00f3w Europy tworz\u0105 na Roztoczu prace inspirowane drewnem. Ju\u017c od Zwierzy\u0144ca mo\u017cna w r\u00f3\u017cnych miejscach (np. w Zwierzy\u0144czyku i we Floriance przy MORze) natrafi\u0107 na obrazy na sztalugach.<\/p>\n\n\n\n<figure class=\"wp-block-gallery has-nested-images columns-2 is-cropped wp-block-gallery-5 is-layout-flex wp-block-gallery-is-layout-flex\">\n<figure class=\"wp-block-image size-large\"><a href=\"https:\/\/bardzogrubysmok.pl\/wycieczki\/wp-content\/uploads\/2023\/07\/Roztoczanski-Park-Narodowy-ikona-sw.-Krzysztofa.jpg\"><img loading=\"lazy\" decoding=\"async\" width=\"973\" height=\"730\" data-id=\"2459\" src=\"https:\/\/bardzogrubysmok.pl\/wycieczki\/wp-content\/uploads\/2023\/07\/Roztoczanski-Park-Narodowy-ikona-sw.-Krzysztofa.jpg\" alt=\"Roztocza\u0144ski Park Narodowy - ikona \u015bw. Krzysztofa\" class=\"wp-image-2459\" srcset=\"https:\/\/bardzogrubysmok.pl\/wycieczki\/wp-content\/uploads\/2023\/07\/Roztoczanski-Park-Narodowy-ikona-sw.-Krzysztofa.jpg 973w, https:\/\/bardzogrubysmok.pl\/wycieczki\/wp-content\/uploads\/2023\/07\/Roztoczanski-Park-Narodowy-ikona-sw.-Krzysztofa-300x225.jpg 300w, https:\/\/bardzogrubysmok.pl\/wycieczki\/wp-content\/uploads\/2023\/07\/Roztoczanski-Park-Narodowy-ikona-sw.-Krzysztofa-768x576.jpg 768w, https:\/\/bardzogrubysmok.pl\/wycieczki\/wp-content\/uploads\/2023\/07\/Roztoczanski-Park-Narodowy-ikona-sw.-Krzysztofa-850x638.jpg 850w\" sizes=\"auto, (max-width: 973px) 100vw, 973px\" \/><\/a><figcaption class=\"wp-element-caption\">Roztocza\u0144ski Park Narodowy &#8211; ikona \u015bw. Krzysztofa<\/figcaption><\/figure>\n<\/figure>\n\n\n\n<p>Po wyje\u017adzie z lasu w G\u00f3recku Starym trafiamy na ma\u0142y bar z budk\u0105 z lodami. Ale wielkie porcje dostajemy! Lody z makiem s\u0105 pyszne! Teraz przed nami kilka wiosek i las sosnowy. Czujemy si\u0119 troch\u0119 jak w Puszczy Noteckiej lub na Eurovelo 10. Jest tu pi\u0119knie i klimatycznie.<\/p>\n\n\n\n<figure class=\"wp-block-gallery has-nested-images columns-2 is-cropped wp-block-gallery-6 is-layout-flex wp-block-gallery-is-layout-flex\">\n<figure class=\"wp-block-image size-large\"><a href=\"https:\/\/bardzogrubysmok.pl\/wycieczki\/wp-content\/uploads\/2023\/07\/przed-Jozefowem.jpg\"><img loading=\"lazy\" decoding=\"async\" width=\"973\" height=\"730\" data-id=\"2456\" src=\"https:\/\/bardzogrubysmok.pl\/wycieczki\/wp-content\/uploads\/2023\/07\/przed-Jozefowem.jpg\" alt=\"\" class=\"wp-image-2456\" srcset=\"https:\/\/bardzogrubysmok.pl\/wycieczki\/wp-content\/uploads\/2023\/07\/przed-Jozefowem.jpg 973w, https:\/\/bardzogrubysmok.pl\/wycieczki\/wp-content\/uploads\/2023\/07\/przed-Jozefowem-300x225.jpg 300w, https:\/\/bardzogrubysmok.pl\/wycieczki\/wp-content\/uploads\/2023\/07\/przed-Jozefowem-768x576.jpg 768w, https:\/\/bardzogrubysmok.pl\/wycieczki\/wp-content\/uploads\/2023\/07\/przed-Jozefowem-850x638.jpg 850w\" sizes=\"auto, (max-width: 973px) 100vw, 973px\" \/><\/a><\/figure>\n<\/figure>\n\n\n\n<p>W J\u00f3zefowie czeka na nas sporo atrakcji. Przede wszystkim zalew z jego dobrodziejstwami. Oczywi\u015bcie pla\u017ca, ale te\u017c \u015bwietny MOR ze znakiem Green Velo nad wod\u0105 i liczne rze\u017aby zwierz\u0105t wok\u00f3\u0142 zalewu. <\/p>\n\n\n\n<figure class=\"wp-block-gallery has-nested-images columns-2 is-cropped wp-block-gallery-7 is-layout-flex wp-block-gallery-is-layout-flex\">\n<figure class=\"wp-block-image size-large\"><a href=\"https:\/\/bardzogrubysmok.pl\/wycieczki\/wp-content\/uploads\/2023\/07\/Jozefow-zalew.jpg\"><img loading=\"lazy\" decoding=\"async\" width=\"973\" height=\"730\" data-id=\"2448\" src=\"https:\/\/bardzogrubysmok.pl\/wycieczki\/wp-content\/uploads\/2023\/07\/Jozefow-zalew.jpg\" alt=\"J\u00f3zef\u00f3w - zalew\" class=\"wp-image-2448\" srcset=\"https:\/\/bardzogrubysmok.pl\/wycieczki\/wp-content\/uploads\/2023\/07\/Jozefow-zalew.jpg 973w, https:\/\/bardzogrubysmok.pl\/wycieczki\/wp-content\/uploads\/2023\/07\/Jozefow-zalew-300x225.jpg 300w, https:\/\/bardzogrubysmok.pl\/wycieczki\/wp-content\/uploads\/2023\/07\/Jozefow-zalew-768x576.jpg 768w, https:\/\/bardzogrubysmok.pl\/wycieczki\/wp-content\/uploads\/2023\/07\/Jozefow-zalew-850x638.jpg 850w\" sizes=\"auto, (max-width: 973px) 100vw, 973px\" \/><\/a><figcaption class=\"wp-element-caption\">J\u00f3zef\u00f3w &#8211; zalew<\/figcaption><\/figure>\n\n\n\n<figure class=\"wp-block-image size-large\"><a href=\"https:\/\/bardzogrubysmok.pl\/wycieczki\/wp-content\/uploads\/2023\/06\/Green-Velo.jpg\"><img loading=\"lazy\" decoding=\"async\" width=\"973\" height=\"730\" data-id=\"2050\" src=\"https:\/\/bardzogrubysmok.pl\/wycieczki\/wp-content\/uploads\/2023\/06\/Green-Velo.jpg\" alt=\"Green Velo\" class=\"wp-image-2050\" srcset=\"https:\/\/bardzogrubysmok.pl\/wycieczki\/wp-content\/uploads\/2023\/06\/Green-Velo.jpg 973w, https:\/\/bardzogrubysmok.pl\/wycieczki\/wp-content\/uploads\/2023\/06\/Green-Velo-300x225.jpg 300w, https:\/\/bardzogrubysmok.pl\/wycieczki\/wp-content\/uploads\/2023\/06\/Green-Velo-768x576.jpg 768w, https:\/\/bardzogrubysmok.pl\/wycieczki\/wp-content\/uploads\/2023\/06\/Green-Velo-850x638.jpg 850w\" sizes=\"auto, (max-width: 973px) 100vw, 973px\" \/><\/a><figcaption class=\"wp-element-caption\">Green Velo<\/figcaption><\/figure>\n<\/figure>\n\n\n\n<p>Centrum J\u00f3zefowa te\u017c jest bardzo w porz\u0105dku &#8211; jest tu kilka knajpek &#8211; w jednej z nich zatrzymujemy si\u0119 na kaw\u0119. Rynek jest uporz\u0105dkowany cho\u0107 niestety ca\u0142y zabetonowany. Ale za to jest ciekawa zwierz\u0119ca fontanna i mural.<\/p>\n\n\n\n<figure class=\"wp-block-gallery has-nested-images columns-2 is-cropped wp-block-gallery-8 is-layout-flex wp-block-gallery-is-layout-flex\">\n<figure class=\"wp-block-image size-large\"><a href=\"https:\/\/bardzogrubysmok.pl\/wycieczki\/wp-content\/uploads\/2023\/07\/Jozefow.jpg\"><img loading=\"lazy\" decoding=\"async\" width=\"973\" height=\"730\" data-id=\"2449\" src=\"https:\/\/bardzogrubysmok.pl\/wycieczki\/wp-content\/uploads\/2023\/07\/Jozefow.jpg\" alt=\"J\u00f3zef\u00f3w\" class=\"wp-image-2449\" srcset=\"https:\/\/bardzogrubysmok.pl\/wycieczki\/wp-content\/uploads\/2023\/07\/Jozefow.jpg 973w, https:\/\/bardzogrubysmok.pl\/wycieczki\/wp-content\/uploads\/2023\/07\/Jozefow-300x225.jpg 300w, https:\/\/bardzogrubysmok.pl\/wycieczki\/wp-content\/uploads\/2023\/07\/Jozefow-768x576.jpg 768w, https:\/\/bardzogrubysmok.pl\/wycieczki\/wp-content\/uploads\/2023\/07\/Jozefow-850x638.jpg 850w\" sizes=\"auto, (max-width: 973px) 100vw, 973px\" \/><\/a><figcaption class=\"wp-element-caption\">J\u00f3zef\u00f3w<\/figcaption><\/figure>\n\n\n\n<figure class=\"wp-block-image size-large\"><a href=\"https:\/\/bardzogrubysmok.pl\/wycieczki\/wp-content\/uploads\/2023\/07\/Jozefow-rynek.jpg\"><img loading=\"lazy\" decoding=\"async\" width=\"973\" height=\"730\" data-id=\"2447\" src=\"https:\/\/bardzogrubysmok.pl\/wycieczki\/wp-content\/uploads\/2023\/07\/Jozefow-rynek.jpg\" alt=\"J\u00f3zef\u00f3w - rynek\" class=\"wp-image-2447\" srcset=\"https:\/\/bardzogrubysmok.pl\/wycieczki\/wp-content\/uploads\/2023\/07\/Jozefow-rynek.jpg 973w, https:\/\/bardzogrubysmok.pl\/wycieczki\/wp-content\/uploads\/2023\/07\/Jozefow-rynek-300x225.jpg 300w, https:\/\/bardzogrubysmok.pl\/wycieczki\/wp-content\/uploads\/2023\/07\/Jozefow-rynek-768x576.jpg 768w, https:\/\/bardzogrubysmok.pl\/wycieczki\/wp-content\/uploads\/2023\/07\/Jozefow-rynek-850x638.jpg 850w\" sizes=\"auto, (max-width: 973px) 100vw, 973px\" \/><\/a><figcaption class=\"wp-element-caption\">J\u00f3zef\u00f3w &#8211; rynek<\/figcaption><\/figure>\n<\/figure>\n\n\n\n<p>Za J\u00f3zefowem jedziemy lasem dalej na wsch\u00f3d (chyba zbaczamy z Green Velo). W Nowinach mo\u017cna zobaczy\u0107 kamienio\u0142om, a w Oserdeku wst\u0105pi\u0107 do muzeum po\u017carnictwa. Na tym odcinku przez wioski mijamy kilka grup kolonii na rowerach &#8211; niez\u0142e kolumny ma\u0142ych rowerzyst\u00f3w \ud83d\ude42<\/p>\n\n\n\n<figure class=\"wp-block-gallery has-nested-images columns-2 is-cropped wp-block-gallery-9 is-layout-flex wp-block-gallery-is-layout-flex\">\n<figure class=\"wp-block-image size-large\"><a href=\"https:\/\/bardzogrubysmok.pl\/wycieczki\/wp-content\/uploads\/2023\/07\/lasy-za-Jozefowem.jpg\"><img loading=\"lazy\" decoding=\"async\" width=\"973\" height=\"730\" data-id=\"2452\" src=\"https:\/\/bardzogrubysmok.pl\/wycieczki\/wp-content\/uploads\/2023\/07\/lasy-za-Jozefowem.jpg\" alt=\"lasy za J\u00f3zefowem\" class=\"wp-image-2452\" srcset=\"https:\/\/bardzogrubysmok.pl\/wycieczki\/wp-content\/uploads\/2023\/07\/lasy-za-Jozefowem.jpg 973w, https:\/\/bardzogrubysmok.pl\/wycieczki\/wp-content\/uploads\/2023\/07\/lasy-za-Jozefowem-300x225.jpg 300w, https:\/\/bardzogrubysmok.pl\/wycieczki\/wp-content\/uploads\/2023\/07\/lasy-za-Jozefowem-768x576.jpg 768w, https:\/\/bardzogrubysmok.pl\/wycieczki\/wp-content\/uploads\/2023\/07\/lasy-za-Jozefowem-850x638.jpg 850w\" sizes=\"auto, (max-width: 973px) 100vw, 973px\" \/><\/a><figcaption class=\"wp-element-caption\">lasy za J\u00f3zefowem<\/figcaption><\/figure>\n<\/figure>\n\n\n\n<p>W Su\u015bcu koniecznie robimy zakupy wody (upa\u0142 dzi\u015b jest spory) i witamy si\u0119 z Kargulem i Pawlakiem.<\/p>\n\n\n\n<figure class=\"wp-block-gallery has-nested-images columns-2 is-cropped wp-block-gallery-10 is-layout-flex wp-block-gallery-is-layout-flex\">\n<figure class=\"wp-block-image size-large\"><a href=\"https:\/\/bardzogrubysmok.pl\/wycieczki\/wp-content\/uploads\/2023\/07\/Susiec-Kargul-i-Pawlak.jpg\"><img loading=\"lazy\" decoding=\"async\" width=\"548\" height=\"730\" data-id=\"2467\" src=\"https:\/\/bardzogrubysmok.pl\/wycieczki\/wp-content\/uploads\/2023\/07\/Susiec-Kargul-i-Pawlak.jpg\" alt=\"Susiec - Kargul i Pawlak\" class=\"wp-image-2467\" srcset=\"https:\/\/bardzogrubysmok.pl\/wycieczki\/wp-content\/uploads\/2023\/07\/Susiec-Kargul-i-Pawlak.jpg 548w, https:\/\/bardzogrubysmok.pl\/wycieczki\/wp-content\/uploads\/2023\/07\/Susiec-Kargul-i-Pawlak-225x300.jpg 225w, https:\/\/bardzogrubysmok.pl\/wycieczki\/wp-content\/uploads\/2023\/07\/Susiec-Kargul-i-Pawlak-300x400.jpg 300w\" sizes=\"auto, (max-width: 548px) 100vw, 548px\" \/><\/a><figcaption class=\"wp-element-caption\">Susiec &#8211; Kargul i Pawlak<\/figcaption><\/figure>\n<\/figure>\n\n\n\n<p>Kolejna atrakcja to znowu konieczno\u015b\u0107 zboczenia z Green Velo. Podje\u017cd\u017camy, \u017ceby zobaczy\u0107 rezerwat przyrody Szumy na Tanwi. Tu najlepiej zaplanowa\u0107 sobie troch\u0119 dodatkowego czasu &#8211; zostawi\u0107 rowery na wej\u015bciu i zrobi\u0107 sobie spacer szlakami niebieskim i \u017c\u00f3\u0142tym w formie ma\u0142ej p\u0119telki. Wjechanie tam rowerem (zw\u0142aszcza z sakwami) gwarantuje niezapomniane prze\u017cycia przenoszenia roweru nad ska\u0142kami i po \u015bliskich korzeniach drzew. Mo\u017cna wzi\u0105\u0107 str\u00f3j k\u0105pielowy, bo jest tu miejsce do k\u0105pieli na Tanwi.<\/p>\n\n\n\n<figure class=\"wp-block-gallery has-nested-images columns-2 is-cropped wp-block-gallery-11 is-layout-flex wp-block-gallery-is-layout-flex\">\n<figure class=\"wp-block-image size-large\"><a href=\"https:\/\/bardzogrubysmok.pl\/wycieczki\/wp-content\/uploads\/2023\/07\/Szumy-na-Tanwi.jpg\"><img loading=\"lazy\" decoding=\"async\" width=\"973\" height=\"730\" data-id=\"2469\" src=\"https:\/\/bardzogrubysmok.pl\/wycieczki\/wp-content\/uploads\/2023\/07\/Szumy-na-Tanwi.jpg\" alt=\"Szumy na Tanwi\" class=\"wp-image-2469\" srcset=\"https:\/\/bardzogrubysmok.pl\/wycieczki\/wp-content\/uploads\/2023\/07\/Szumy-na-Tanwi.jpg 973w, https:\/\/bardzogrubysmok.pl\/wycieczki\/wp-content\/uploads\/2023\/07\/Szumy-na-Tanwi-300x225.jpg 300w, https:\/\/bardzogrubysmok.pl\/wycieczki\/wp-content\/uploads\/2023\/07\/Szumy-na-Tanwi-768x576.jpg 768w, https:\/\/bardzogrubysmok.pl\/wycieczki\/wp-content\/uploads\/2023\/07\/Szumy-na-Tanwi-850x638.jpg 850w\" sizes=\"auto, (max-width: 973px) 100vw, 973px\" \/><\/a><figcaption class=\"wp-element-caption\">Szumy na Tanwi<\/figcaption><\/figure>\n\n\n\n<figure class=\"wp-block-image size-large\"><a href=\"https:\/\/bardzogrubysmok.pl\/wycieczki\/wp-content\/uploads\/2023\/07\/Szumy-na-Tanwi-2.jpg\"><img loading=\"lazy\" decoding=\"async\" width=\"973\" height=\"730\" data-id=\"2468\" src=\"https:\/\/bardzogrubysmok.pl\/wycieczki\/wp-content\/uploads\/2023\/07\/Szumy-na-Tanwi-2.jpg\" alt=\"Szumy na Tanwi\" class=\"wp-image-2468\" srcset=\"https:\/\/bardzogrubysmok.pl\/wycieczki\/wp-content\/uploads\/2023\/07\/Szumy-na-Tanwi-2.jpg 973w, https:\/\/bardzogrubysmok.pl\/wycieczki\/wp-content\/uploads\/2023\/07\/Szumy-na-Tanwi-2-300x225.jpg 300w, https:\/\/bardzogrubysmok.pl\/wycieczki\/wp-content\/uploads\/2023\/07\/Szumy-na-Tanwi-2-768x576.jpg 768w, https:\/\/bardzogrubysmok.pl\/wycieczki\/wp-content\/uploads\/2023\/07\/Szumy-na-Tanwi-2-850x638.jpg 850w\" sizes=\"auto, (max-width: 973px) 100vw, 973px\" \/><\/a><figcaption class=\"wp-element-caption\">Szumy na Tanwi<\/figcaption><\/figure>\n<\/figure>\n\n\n\n<p>Za rezerwatem nie wracamy ju\u017c na Green Velo, tylko jedziemy cudownymi szutrami przez las. Gdzie\u015b tu w pobli\u017cu jest nawet single track (mijamy drogowskaz).<\/p>\n\n\n\n<figure class=\"wp-block-gallery has-nested-images columns-2 is-cropped wp-block-gallery-12 is-layout-flex wp-block-gallery-is-layout-flex\">\n<figure class=\"wp-block-image size-large\"><a href=\"https:\/\/bardzogrubysmok.pl\/wycieczki\/wp-content\/uploads\/2023\/07\/las.jpg\"><img loading=\"lazy\" decoding=\"async\" width=\"973\" height=\"730\" data-id=\"2451\" src=\"https:\/\/bardzogrubysmok.pl\/wycieczki\/wp-content\/uploads\/2023\/07\/las.jpg\" alt=\"las\" class=\"wp-image-2451\" srcset=\"https:\/\/bardzogrubysmok.pl\/wycieczki\/wp-content\/uploads\/2023\/07\/las.jpg 973w, https:\/\/bardzogrubysmok.pl\/wycieczki\/wp-content\/uploads\/2023\/07\/las-300x225.jpg 300w, https:\/\/bardzogrubysmok.pl\/wycieczki\/wp-content\/uploads\/2023\/07\/las-768x576.jpg 768w, https:\/\/bardzogrubysmok.pl\/wycieczki\/wp-content\/uploads\/2023\/07\/las-850x638.jpg 850w\" sizes=\"auto, (max-width: 973px) 100vw, 973px\" \/><\/a><figcaption class=\"wp-element-caption\">las<\/figcaption><\/figure>\n<\/figure>\n\n\n\n<p>Robi si\u0119 troch\u0119 pochmurnie. Patrzymy na radary burz &#8211; trzeba my\u015ble\u0107 o jakim\u015b schronieniu. Planujemy wi\u0119c obiad w Narolu, \u017ceby przeczeka\u0107 deszcz w\u0142a\u015bnie podczas jedzenia. Po drodze mijamy jeszcze kilka staw\u00f3w i (niestety tylko zza ogrodzenia) ogl\u0105damy Pa\u0142ac \u0141osi\u00f3w. Normalnie mo\u017cna go zwiedza\u0107 po ustaleniu tego z w\u0142a\u015bcicielem, ale teraz przez 2 tygodnie jest ca\u0142kowita przerwa w zwiedzaniu. <\/p>\n\n\n\n<figure class=\"wp-block-gallery has-nested-images columns-2 is-cropped wp-block-gallery-13 is-layout-flex wp-block-gallery-is-layout-flex\">\n<figure class=\"wp-block-image size-large\"><a href=\"https:\/\/bardzogrubysmok.pl\/wycieczki\/wp-content\/uploads\/2023\/07\/Narol-Palac-Losiow.jpg\"><img loading=\"lazy\" decoding=\"async\" width=\"973\" height=\"730\" data-id=\"2454\" src=\"https:\/\/bardzogrubysmok.pl\/wycieczki\/wp-content\/uploads\/2023\/07\/Narol-Palac-Losiow.jpg\" alt=\"Narol - Pa\u0142ac \u0141osi\u00f3w\" class=\"wp-image-2454\" srcset=\"https:\/\/bardzogrubysmok.pl\/wycieczki\/wp-content\/uploads\/2023\/07\/Narol-Palac-Losiow.jpg 973w, https:\/\/bardzogrubysmok.pl\/wycieczki\/wp-content\/uploads\/2023\/07\/Narol-Palac-Losiow-300x225.jpg 300w, https:\/\/bardzogrubysmok.pl\/wycieczki\/wp-content\/uploads\/2023\/07\/Narol-Palac-Losiow-768x576.jpg 768w, https:\/\/bardzogrubysmok.pl\/wycieczki\/wp-content\/uploads\/2023\/07\/Narol-Palac-Losiow-850x638.jpg 850w\" sizes=\"auto, (max-width: 973px) 100vw, 973px\" \/><\/a><figcaption class=\"wp-element-caption\">Narol &#8211; Pa\u0142ac \u0141osi\u00f3w<\/figcaption><\/figure>\n\n\n\n<figure class=\"wp-block-image size-large\"><a href=\"https:\/\/bardzogrubysmok.pl\/wycieczki\/wp-content\/uploads\/2023\/07\/Narol-brama-do-palacu.jpg\"><img loading=\"lazy\" decoding=\"async\" width=\"973\" height=\"730\" data-id=\"2453\" src=\"https:\/\/bardzogrubysmok.pl\/wycieczki\/wp-content\/uploads\/2023\/07\/Narol-brama-do-palacu.jpg\" alt=\"Narol - brama do pa\u0142acu\" class=\"wp-image-2453\" srcset=\"https:\/\/bardzogrubysmok.pl\/wycieczki\/wp-content\/uploads\/2023\/07\/Narol-brama-do-palacu.jpg 973w, https:\/\/bardzogrubysmok.pl\/wycieczki\/wp-content\/uploads\/2023\/07\/Narol-brama-do-palacu-300x225.jpg 300w, https:\/\/bardzogrubysmok.pl\/wycieczki\/wp-content\/uploads\/2023\/07\/Narol-brama-do-palacu-768x576.jpg 768w, https:\/\/bardzogrubysmok.pl\/wycieczki\/wp-content\/uploads\/2023\/07\/Narol-brama-do-palacu-850x638.jpg 850w\" sizes=\"auto, (max-width: 973px) 100vw, 973px\" \/><\/a><figcaption class=\"wp-element-caption\">Narol &#8211; brama do pa\u0142acu<\/figcaption><\/figure>\n<\/figure>\n\n\n\n<p>Na obiad zatrzymujemy si\u0119 w restauracji obok pa\u0142acu i cierpliwie czekamy na deszcz. Ale si\u0119 nie doczekujemy. Ta straszna chmura deszczowa, kt\u00f3ra na nas sz\u0142a, rozrywa si\u0119 na dwie cz\u0119\u015bci, kt\u00f3re mijaj\u0105 nas od lewej i od prawej, a na nas nie spada nawet jedna kropla. W Narolu ogl\u0105damy jeszcze ryneczek i jedziemy dalej.<\/p>\n\n\n\n<figure class=\"wp-block-gallery has-nested-images columns-2 is-cropped wp-block-gallery-14 is-layout-flex wp-block-gallery-is-layout-flex\">\n<figure class=\"wp-block-image size-large\"><a href=\"https:\/\/bardzogrubysmok.pl\/wycieczki\/wp-content\/uploads\/2023\/07\/Narol-rynek.jpg\"><img loading=\"lazy\" decoding=\"async\" width=\"973\" height=\"730\" data-id=\"2455\" src=\"https:\/\/bardzogrubysmok.pl\/wycieczki\/wp-content\/uploads\/2023\/07\/Narol-rynek.jpg\" alt=\"Narol - rynek\" class=\"wp-image-2455\" srcset=\"https:\/\/bardzogrubysmok.pl\/wycieczki\/wp-content\/uploads\/2023\/07\/Narol-rynek.jpg 973w, https:\/\/bardzogrubysmok.pl\/wycieczki\/wp-content\/uploads\/2023\/07\/Narol-rynek-300x225.jpg 300w, https:\/\/bardzogrubysmok.pl\/wycieczki\/wp-content\/uploads\/2023\/07\/Narol-rynek-768x576.jpg 768w, https:\/\/bardzogrubysmok.pl\/wycieczki\/wp-content\/uploads\/2023\/07\/Narol-rynek-850x638.jpg 850w\" sizes=\"auto, (max-width: 973px) 100vw, 973px\" \/><\/a><figcaption class=\"wp-element-caption\">Narol &#8211; rynek<\/figcaption><\/figure>\n<\/figure>\n\n\n\n<p>Trasa (ju\u017c trzymamy si\u0119 Green Velo) wiedzie troch\u0119 przez pola, troch\u0119 przez wioski, troch\u0119 przez lasy. W Hucie Z\u0142omy trafiamy na kolejne logo Green Velo.<\/p>\n\n\n\n<figure class=\"wp-block-gallery has-nested-images columns-default is-cropped wp-block-gallery-15 is-layout-flex wp-block-gallery-is-layout-flex\">\n<figure class=\"wp-block-image size-large\"><a href=\"https:\/\/bardzogrubysmok.pl\/wycieczki\/wp-content\/uploads\/2023\/07\/Huta-Zlomy-1.jpg\"><img loading=\"lazy\" decoding=\"async\" width=\"973\" height=\"730\" data-id=\"2685\" src=\"https:\/\/bardzogrubysmok.pl\/wycieczki\/wp-content\/uploads\/2023\/07\/Huta-Zlomy-1.jpg\" alt=\"Huta Z\u0142omy\" class=\"wp-image-2685\" srcset=\"https:\/\/bardzogrubysmok.pl\/wycieczki\/wp-content\/uploads\/2023\/07\/Huta-Zlomy-1.jpg 973w, https:\/\/bardzogrubysmok.pl\/wycieczki\/wp-content\/uploads\/2023\/07\/Huta-Zlomy-1-300x225.jpg 300w, https:\/\/bardzogrubysmok.pl\/wycieczki\/wp-content\/uploads\/2023\/07\/Huta-Zlomy-1-768x576.jpg 768w, https:\/\/bardzogrubysmok.pl\/wycieczki\/wp-content\/uploads\/2023\/07\/Huta-Zlomy-1-850x638.jpg 850w\" sizes=\"auto, (max-width: 973px) 100vw, 973px\" \/><\/a><figcaption class=\"wp-element-caption\">Huta Z\u0142omy<\/figcaption><\/figure>\n<\/figure>\n\n\n\n<p>Jedziemy przez rezerwat przyrody \u0179r\u00f3d\u0142a Tanwi. Tutaj spotyka nas wielka niespodzianka &#8211; bocian spaceruj\u0105ce asfaltow\u0105 drog\u0105 w \u015brodku lasu!<\/p>\n\n\n\n<figure class=\"wp-block-gallery has-nested-images columns-2 is-cropped wp-block-gallery-16 is-layout-flex wp-block-gallery-is-layout-flex\">\n<figure class=\"wp-block-image size-large\"><a href=\"https:\/\/bardzogrubysmok.pl\/wycieczki\/wp-content\/uploads\/2023\/07\/Rezerwat-Przyrody-Zrodla-Tanwi.jpg\"><img loading=\"lazy\" decoding=\"async\" width=\"973\" height=\"730\" data-id=\"2457\" src=\"https:\/\/bardzogrubysmok.pl\/wycieczki\/wp-content\/uploads\/2023\/07\/Rezerwat-Przyrody-Zrodla-Tanwi.jpg\" alt=\"\" class=\"wp-image-2457\" srcset=\"https:\/\/bardzogrubysmok.pl\/wycieczki\/wp-content\/uploads\/2023\/07\/Rezerwat-Przyrody-Zrodla-Tanwi.jpg 973w, https:\/\/bardzogrubysmok.pl\/wycieczki\/wp-content\/uploads\/2023\/07\/Rezerwat-Przyrody-Zrodla-Tanwi-300x225.jpg 300w, https:\/\/bardzogrubysmok.pl\/wycieczki\/wp-content\/uploads\/2023\/07\/Rezerwat-Przyrody-Zrodla-Tanwi-768x576.jpg 768w, https:\/\/bardzogrubysmok.pl\/wycieczki\/wp-content\/uploads\/2023\/07\/Rezerwat-Przyrody-Zrodla-Tanwi-850x638.jpg 850w\" sizes=\"auto, (max-width: 973px) 100vw, 973px\" \/><\/a><\/figure>\n\n\n\n<figure class=\"wp-block-image size-large\"><a href=\"https:\/\/bardzogrubysmok.pl\/wycieczki\/wp-content\/uploads\/2023\/07\/bocian-w-lesie.jpg\"><img loading=\"lazy\" decoding=\"async\" width=\"973\" height=\"730\" data-id=\"2472\" src=\"https:\/\/bardzogrubysmok.pl\/wycieczki\/wp-content\/uploads\/2023\/07\/bocian-w-lesie.jpg\" alt=\"bocian w lesie\" class=\"wp-image-2472\" srcset=\"https:\/\/bardzogrubysmok.pl\/wycieczki\/wp-content\/uploads\/2023\/07\/bocian-w-lesie.jpg 973w, https:\/\/bardzogrubysmok.pl\/wycieczki\/wp-content\/uploads\/2023\/07\/bocian-w-lesie-300x225.jpg 300w, https:\/\/bardzogrubysmok.pl\/wycieczki\/wp-content\/uploads\/2023\/07\/bocian-w-lesie-768x576.jpg 768w, https:\/\/bardzogrubysmok.pl\/wycieczki\/wp-content\/uploads\/2023\/07\/bocian-w-lesie-850x638.jpg 850w\" sizes=\"auto, (max-width: 973px) 100vw, 973px\" \/><\/a><figcaption class=\"wp-element-caption\">bocian w lesie<\/figcaption><\/figure>\n<\/figure>\n\n\n\n<p>Przeje\u017cd\u017camy ko\u0142o wodospadu w Starym Bru\u015bnie (mo\u017cna do niego podej\u015b\u0107) i wzd\u0142u\u017c rejonu z bunkrami linii Mo\u0142otowa. My zatrzymujemy si\u0119 w Nowym Bru\u015bnie przy cerkwi \u015bw. Paraksewy.<\/p>\n\n\n\n<figure class=\"wp-block-gallery has-nested-images columns-2 is-cropped wp-block-gallery-17 is-layout-flex wp-block-gallery-is-layout-flex\">\n<figure class=\"wp-block-image size-large\"><a href=\"https:\/\/bardzogrubysmok.pl\/wycieczki\/wp-content\/uploads\/2023\/07\/Stare-Brusno-cerkiew.jpg\"><img loading=\"lazy\" decoding=\"async\" width=\"973\" height=\"730\" data-id=\"2464\" src=\"https:\/\/bardzogrubysmok.pl\/wycieczki\/wp-content\/uploads\/2023\/07\/Stare-Brusno-cerkiew.jpg\" alt=\"Stare Brusno - cerkiew\" class=\"wp-image-2464\" srcset=\"https:\/\/bardzogrubysmok.pl\/wycieczki\/wp-content\/uploads\/2023\/07\/Stare-Brusno-cerkiew.jpg 973w, https:\/\/bardzogrubysmok.pl\/wycieczki\/wp-content\/uploads\/2023\/07\/Stare-Brusno-cerkiew-300x225.jpg 300w, https:\/\/bardzogrubysmok.pl\/wycieczki\/wp-content\/uploads\/2023\/07\/Stare-Brusno-cerkiew-768x576.jpg 768w, https:\/\/bardzogrubysmok.pl\/wycieczki\/wp-content\/uploads\/2023\/07\/Stare-Brusno-cerkiew-850x638.jpg 850w\" sizes=\"auto, (max-width: 973px) 100vw, 973px\" \/><\/a><figcaption class=\"wp-element-caption\">Nowe Brusno &#8211; cerkiew<\/figcaption><\/figure>\n\n\n\n<figure class=\"wp-block-image size-large\"><a href=\"https:\/\/bardzogrubysmok.pl\/wycieczki\/wp-content\/uploads\/2023\/07\/Stare-Brusno-cerkiew-2.jpg\"><img loading=\"lazy\" decoding=\"async\" width=\"973\" height=\"730\" data-id=\"2463\" src=\"https:\/\/bardzogrubysmok.pl\/wycieczki\/wp-content\/uploads\/2023\/07\/Stare-Brusno-cerkiew-2.jpg\" alt=\"Stare Brusno - cerkiew\" class=\"wp-image-2463\" srcset=\"https:\/\/bardzogrubysmok.pl\/wycieczki\/wp-content\/uploads\/2023\/07\/Stare-Brusno-cerkiew-2.jpg 973w, https:\/\/bardzogrubysmok.pl\/wycieczki\/wp-content\/uploads\/2023\/07\/Stare-Brusno-cerkiew-2-300x225.jpg 300w, https:\/\/bardzogrubysmok.pl\/wycieczki\/wp-content\/uploads\/2023\/07\/Stare-Brusno-cerkiew-2-768x576.jpg 768w, https:\/\/bardzogrubysmok.pl\/wycieczki\/wp-content\/uploads\/2023\/07\/Stare-Brusno-cerkiew-2-850x638.jpg 850w\" sizes=\"auto, (max-width: 973px) 100vw, 973px\" \/><\/a><figcaption class=\"wp-element-caption\">Nowe Brusno &#8211; cerkiew<\/figcaption><\/figure>\n<\/figure>\n\n\n\n<p>Od tego miejsca postanowimy ju\u017c wi\u0119cej nie kombinowa\u0107 (zastanawiali\u015bmy si\u0119 nad zobaczeniem kamieni kultu s\u0142o\u0144ca i kaplicy Matki Boskiej na \u017ar\u00f3d\u0142ach w Nowinach Horynieckich) i jedziemy do Hory\u0144ca na nocleg. A nocleg bardzo fajny &#8211; wszystko nowiutkie, czy\u015bciutkie, kuchnia wyposa\u017cona. Podoba nam si\u0119.<\/p>\n\n\n\n<br>\n<div id=\"NokautAdsResultContainer\">\n<div class=\"NokautWidgetCI\">\n<a href=\"http:\/\/www.nokaut.pl\/?pid=141866&amp;cid=2\" onclick=\"NokautPP.clickTracker();\" rel=\"nofollow\">\n<span class=\"NokautWidgetCILogo1\">nokaut<\/span><span class=\"NokautWidgetCILogo2\">.pl<\/span>\n<span class=\"NokautWidgetCISlogan\">&nbsp;por\u00f3wnywarka cen<\/span>\n<\/a>\n<\/div>\n<\/div>\n<script type=\"text\/javascript\">\nnokaut_ad_mode = \"multi\";\nnokaut_ad_type = \"category\";\nnokaut_ad_content = [470,651,5781,6226,7027,8828,9283,9659,9660,9671,11008];\nnokaut_ad_partner = 141866;\nnokaut_ad_channel = 2;\nnokaut_ad_format = \"300x250\";\nnokaut_ad_newpage = 1;\n<\/script>\n<script type=\"text\/javascript\" src=\"\/\/widget.nokaut.pl\/pp\/nokaut.js\" charset=\"utf-8\"><\/script>\n","protected":false},"excerpt":{"rendered":"<p>Roztocza\u0144ski Park Narodowy, szumy na Tanwi oraz wjazd w Podkarpackie to nasz kolejny dzie\u0144 na trasie Green Velo. Przyroda tu jest pi\u0119kna!<\/p>\n","protected":false},"author":1,"featured_media":2465,"comment_status":"open","ping_status":"open","sticky":false,"template":"","format":"standard","meta":{"footnotes":""},"categories":[163,5],"tags":[88,77,79,75,80,21,131,130],"class_list":["post-1969","post","type-post","status-publish","format-standard","has-post-thumbnail","hentry","category-green-velo","category-na-rowerze","tag-centralny-szlak-rowerowy-roztocza","tag-green-velo","tag-lubelskie","tag-park-narodowy","tag-podkarpacie","tag-rower","tag-roztoczanski-park-narodowy","tag-roztocze"],"yoast_head":"<!-- This site is optimized with the Yoast SEO plugin v27.4 - https:\/\/yoast.com\/product\/yoast-seo-wordpress\/ -->\n<title>Green Velo \u2013 Dzie\u0144 14: Zwierzyniec \u2013 Horyniec Zdr\u00f3j - Smocze wycieczki<\/title>\n<meta name=\"description\" content=\"Roztocza\u0144ski Park Narodowy, szumy na Tanwi oraz wjazd w Podkarpackie to nasz kolejny dzie\u0144 na trasie Green Velo. Przyroda tu jest pi\u0119kna!\" \/>\n<meta name=\"robots\" content=\"index, follow, max-snippet:-1, max-image-preview:large, max-video-preview:-1\" \/>\n<link rel=\"canonical\" href=\"https:\/\/bardzogrubysmok.pl\/wycieczki\/green-velo-dzien-14-zwierzyniec-horyniec-zdroj\/\" \/>\n<meta property=\"og:locale\" content=\"pl_PL\" \/>\n<meta property=\"og:type\" content=\"article\" \/>\n<meta property=\"og:title\" content=\"Green Velo \u2013 Dzie\u0144 14: Zwierzyniec \u2013 Horyniec Zdr\u00f3j - Smocze wycieczki\" \/>\n<meta property=\"og:description\" content=\"Roztocza\u0144ski Park Narodowy, szumy na Tanwi oraz wjazd w Podkarpackie to nasz kolejny dzie\u0144 na trasie Green Velo. Przyroda tu jest pi\u0119kna!\" \/>\n<meta property=\"og:url\" content=\"https:\/\/bardzogrubysmok.pl\/wycieczki\/green-velo-dzien-14-zwierzyniec-horyniec-zdroj\/\" \/>\n<meta property=\"og:site_name\" content=\"Smocze wycieczki\" \/>\n<meta property=\"article:published_time\" content=\"2023-07-12T18:51:06+00:00\" \/>\n<meta property=\"article:modified_time\" content=\"2025-09-26T19:54:19+00:00\" \/>\n<meta property=\"og:image\" content=\"https:\/\/bardzogrubysmok.pl\/wycieczki\/wp-content\/uploads\/2023\/07\/Stawy-Echo-2.jpg\" \/>\n\t<meta property=\"og:image:width\" content=\"973\" \/>\n\t<meta property=\"og:image:height\" content=\"730\" \/>\n\t<meta property=\"og:image:type\" content=\"image\/jpeg\" \/>\n<meta name=\"author\" content=\"Bardzo Gruby Smok\" \/>\n<meta name=\"twitter:card\" content=\"summary_large_image\" \/>\n<meta name=\"twitter:label1\" content=\"Napisane przez\" \/>\n\t<meta name=\"twitter:data1\" content=\"Bardzo Gruby Smok\" \/>\n\t<meta name=\"twitter:label2\" content=\"Szacowany czas czytania\" \/>\n\t<meta name=\"twitter:data2\" content=\"12 minut\" \/>\n<script type=\"application\/ld+json\" class=\"yoast-schema-graph\">{\"@context\":\"https:\\\/\\\/schema.org\",\"@graph\":[{\"@type\":[\"Article\",\"BlogPosting\"],\"@id\":\"https:\\\/\\\/bardzogrubysmok.pl\\\/wycieczki\\\/green-velo-dzien-14-zwierzyniec-horyniec-zdroj\\\/#article\",\"isPartOf\":{\"@id\":\"https:\\\/\\\/bardzogrubysmok.pl\\\/wycieczki\\\/green-velo-dzien-14-zwierzyniec-horyniec-zdroj\\\/\"},\"author\":{\"name\":\"Bardzo Gruby Smok\",\"@id\":\"https:\\\/\\\/bardzogrubysmok.pl\\\/wycieczki\\\/#\\\/schema\\\/person\\\/34c19df8fb03f397464a511ae78c4314\"},\"headline\":\"Green Velo \u2013 Dzie\u0144 14: Zwierzyniec \u2013 Horyniec Zdr\u00f3j\",\"datePublished\":\"2023-07-12T18:51:06+00:00\",\"dateModified\":\"2025-09-26T19:54:19+00:00\",\"mainEntityOfPage\":{\"@id\":\"https:\\\/\\\/bardzogrubysmok.pl\\\/wycieczki\\\/green-velo-dzien-14-zwierzyniec-horyniec-zdroj\\\/\"},\"wordCount\":1214,\"commentCount\":1,\"publisher\":{\"@id\":\"https:\\\/\\\/bardzogrubysmok.pl\\\/wycieczki\\\/#\\\/schema\\\/person\\\/34c19df8fb03f397464a511ae78c4314\"},\"image\":{\"@id\":\"https:\\\/\\\/bardzogrubysmok.pl\\\/wycieczki\\\/green-velo-dzien-14-zwierzyniec-horyniec-zdroj\\\/#primaryimage\"},\"thumbnailUrl\":\"https:\\\/\\\/bardzogrubysmok.pl\\\/wycieczki\\\/wp-content\\\/uploads\\\/2023\\\/07\\\/Stawy-Echo-2.jpg\",\"keywords\":[\"Centralny Szlak Rowerowy Roztocza\",\"Green Velo\",\"Lubelskie\",\"park narodowy\",\"Podkarpacie\",\"rower\",\"Roztocza\u0144ski Park Narodowy\",\"Roztocze\"],\"articleSection\":[\"Green Velo\",\"na rowerze\"],\"inLanguage\":\"pl-PL\",\"potentialAction\":[{\"@type\":\"CommentAction\",\"name\":\"Comment\",\"target\":[\"https:\\\/\\\/bardzogrubysmok.pl\\\/wycieczki\\\/green-velo-dzien-14-zwierzyniec-horyniec-zdroj\\\/#respond\"]}]},{\"@type\":\"WebPage\",\"@id\":\"https:\\\/\\\/bardzogrubysmok.pl\\\/wycieczki\\\/green-velo-dzien-14-zwierzyniec-horyniec-zdroj\\\/\",\"url\":\"https:\\\/\\\/bardzogrubysmok.pl\\\/wycieczki\\\/green-velo-dzien-14-zwierzyniec-horyniec-zdroj\\\/\",\"name\":\"Green Velo \u2013 Dzie\u0144 14: Zwierzyniec \u2013 Horyniec Zdr\u00f3j - Smocze wycieczki\",\"isPartOf\":{\"@id\":\"https:\\\/\\\/bardzogrubysmok.pl\\\/wycieczki\\\/#website\"},\"primaryImageOfPage\":{\"@id\":\"https:\\\/\\\/bardzogrubysmok.pl\\\/wycieczki\\\/green-velo-dzien-14-zwierzyniec-horyniec-zdroj\\\/#primaryimage\"},\"image\":{\"@id\":\"https:\\\/\\\/bardzogrubysmok.pl\\\/wycieczki\\\/green-velo-dzien-14-zwierzyniec-horyniec-zdroj\\\/#primaryimage\"},\"thumbnailUrl\":\"https:\\\/\\\/bardzogrubysmok.pl\\\/wycieczki\\\/wp-content\\\/uploads\\\/2023\\\/07\\\/Stawy-Echo-2.jpg\",\"datePublished\":\"2023-07-12T18:51:06+00:00\",\"dateModified\":\"2025-09-26T19:54:19+00:00\",\"description\":\"Roztocza\u0144ski Park Narodowy, szumy na Tanwi oraz wjazd w Podkarpackie to nasz kolejny dzie\u0144 na trasie Green Velo. Przyroda tu jest pi\u0119kna!\",\"breadcrumb\":{\"@id\":\"https:\\\/\\\/bardzogrubysmok.pl\\\/wycieczki\\\/green-velo-dzien-14-zwierzyniec-horyniec-zdroj\\\/#breadcrumb\"},\"inLanguage\":\"pl-PL\",\"potentialAction\":[{\"@type\":\"ReadAction\",\"target\":[\"https:\\\/\\\/bardzogrubysmok.pl\\\/wycieczki\\\/green-velo-dzien-14-zwierzyniec-horyniec-zdroj\\\/\"]}]},{\"@type\":\"ImageObject\",\"inLanguage\":\"pl-PL\",\"@id\":\"https:\\\/\\\/bardzogrubysmok.pl\\\/wycieczki\\\/green-velo-dzien-14-zwierzyniec-horyniec-zdroj\\\/#primaryimage\",\"url\":\"https:\\\/\\\/bardzogrubysmok.pl\\\/wycieczki\\\/wp-content\\\/uploads\\\/2023\\\/07\\\/Stawy-Echo-2.jpg\",\"contentUrl\":\"https:\\\/\\\/bardzogrubysmok.pl\\\/wycieczki\\\/wp-content\\\/uploads\\\/2023\\\/07\\\/Stawy-Echo-2.jpg\",\"width\":973,\"height\":730,\"caption\":\"Stawy Echo\"},{\"@type\":\"BreadcrumbList\",\"@id\":\"https:\\\/\\\/bardzogrubysmok.pl\\\/wycieczki\\\/green-velo-dzien-14-zwierzyniec-horyniec-zdroj\\\/#breadcrumb\",\"itemListElement\":[{\"@type\":\"ListItem\",\"position\":1,\"name\":\"Strona g\u0142\u00f3wna\",\"item\":\"https:\\\/\\\/bardzogrubysmok.pl\\\/wycieczki\\\/\"},{\"@type\":\"ListItem\",\"position\":2,\"name\":\"Green Velo \u2013 Dzie\u0144 14: Zwierzyniec \u2013 Horyniec Zdr\u00f3j\"}]},{\"@type\":\"WebSite\",\"@id\":\"https:\\\/\\\/bardzogrubysmok.pl\\\/wycieczki\\\/#website\",\"url\":\"https:\\\/\\\/bardzogrubysmok.pl\\\/wycieczki\\\/\",\"name\":\"Smocze wycieczki\",\"description\":\"\",\"publisher\":{\"@id\":\"https:\\\/\\\/bardzogrubysmok.pl\\\/wycieczki\\\/#\\\/schema\\\/person\\\/34c19df8fb03f397464a511ae78c4314\"},\"alternateName\":\"Smocze wycieczki\",\"potentialAction\":[{\"@type\":\"SearchAction\",\"target\":{\"@type\":\"EntryPoint\",\"urlTemplate\":\"https:\\\/\\\/bardzogrubysmok.pl\\\/wycieczki\\\/?s={search_term_string}\"},\"query-input\":{\"@type\":\"PropertyValueSpecification\",\"valueRequired\":true,\"valueName\":\"search_term_string\"}}],\"inLanguage\":\"pl-PL\"},{\"@type\":[\"Person\",\"Organization\"],\"@id\":\"https:\\\/\\\/bardzogrubysmok.pl\\\/wycieczki\\\/#\\\/schema\\\/person\\\/34c19df8fb03f397464a511ae78c4314\",\"name\":\"Bardzo Gruby Smok\",\"image\":{\"@type\":\"ImageObject\",\"inLanguage\":\"pl-PL\",\"@id\":\"https:\\\/\\\/bardzogrubysmok.pl\\\/wycieczki\\\/wp-content\\\/uploads\\\/2023\\\/04\\\/Logo-Bardzo-Gruby-Smok.png\",\"url\":\"https:\\\/\\\/bardzogrubysmok.pl\\\/wycieczki\\\/wp-content\\\/uploads\\\/2023\\\/04\\\/Logo-Bardzo-Gruby-Smok.png\",\"contentUrl\":\"https:\\\/\\\/bardzogrubysmok.pl\\\/wycieczki\\\/wp-content\\\/uploads\\\/2023\\\/04\\\/Logo-Bardzo-Gruby-Smok.png\",\"width\":400,\"height\":177,\"caption\":\"Bardzo Gruby Smok\"},\"logo\":{\"@id\":\"https:\\\/\\\/bardzogrubysmok.pl\\\/wycieczki\\\/wp-content\\\/uploads\\\/2023\\\/04\\\/Logo-Bardzo-Gruby-Smok.png\"},\"sameAs\":[\"https:\\\/\\\/bardzogrubysmok.pl\\\/wycieczki\"],\"url\":\"https:\\\/\\\/bardzogrubysmok.pl\\\/wycieczki\\\/author\\\/bardzogr_wyc\\\/\"}]}<\/script>\n<!-- \/ Yoast SEO plugin. -->","yoast_head_json":{"title":"Green Velo \u2013 Dzie\u0144 14: Zwierzyniec \u2013 Horyniec Zdr\u00f3j - Smocze wycieczki","description":"Roztocza\u0144ski Park Narodowy, szumy na Tanwi oraz wjazd w Podkarpackie to nasz kolejny dzie\u0144 na trasie Green Velo. Przyroda tu jest pi\u0119kna!","robots":{"index":"index","follow":"follow","max-snippet":"max-snippet:-1","max-image-preview":"max-image-preview:large","max-video-preview":"max-video-preview:-1"},"canonical":"https:\/\/bardzogrubysmok.pl\/wycieczki\/green-velo-dzien-14-zwierzyniec-horyniec-zdroj\/","og_locale":"pl_PL","og_type":"article","og_title":"Green Velo \u2013 Dzie\u0144 14: Zwierzyniec \u2013 Horyniec Zdr\u00f3j - Smocze wycieczki","og_description":"Roztocza\u0144ski Park Narodowy, szumy na Tanwi oraz wjazd w Podkarpackie to nasz kolejny dzie\u0144 na trasie Green Velo. Przyroda tu jest pi\u0119kna!","og_url":"https:\/\/bardzogrubysmok.pl\/wycieczki\/green-velo-dzien-14-zwierzyniec-horyniec-zdroj\/","og_site_name":"Smocze wycieczki","article_published_time":"2023-07-12T18:51:06+00:00","article_modified_time":"2025-09-26T19:54:19+00:00","og_image":[{"width":973,"height":730,"url":"https:\/\/bardzogrubysmok.pl\/wycieczki\/wp-content\/uploads\/2023\/07\/Stawy-Echo-2.jpg","type":"image\/jpeg"}],"author":"Bardzo Gruby Smok","twitter_card":"summary_large_image","twitter_misc":{"Napisane przez":"Bardzo Gruby Smok","Szacowany czas czytania":"12 minut"},"schema":{"@context":"https:\/\/schema.org","@graph":[{"@type":["Article","BlogPosting"],"@id":"https:\/\/bardzogrubysmok.pl\/wycieczki\/green-velo-dzien-14-zwierzyniec-horyniec-zdroj\/#article","isPartOf":{"@id":"https:\/\/bardzogrubysmok.pl\/wycieczki\/green-velo-dzien-14-zwierzyniec-horyniec-zdroj\/"},"author":{"name":"Bardzo Gruby Smok","@id":"https:\/\/bardzogrubysmok.pl\/wycieczki\/#\/schema\/person\/34c19df8fb03f397464a511ae78c4314"},"headline":"Green Velo \u2013 Dzie\u0144 14: Zwierzyniec \u2013 Horyniec Zdr\u00f3j","datePublished":"2023-07-12T18:51:06+00:00","dateModified":"2025-09-26T19:54:19+00:00","mainEntityOfPage":{"@id":"https:\/\/bardzogrubysmok.pl\/wycieczki\/green-velo-dzien-14-zwierzyniec-horyniec-zdroj\/"},"wordCount":1214,"commentCount":1,"publisher":{"@id":"https:\/\/bardzogrubysmok.pl\/wycieczki\/#\/schema\/person\/34c19df8fb03f397464a511ae78c4314"},"image":{"@id":"https:\/\/bardzogrubysmok.pl\/wycieczki\/green-velo-dzien-14-zwierzyniec-horyniec-zdroj\/#primaryimage"},"thumbnailUrl":"https:\/\/bardzogrubysmok.pl\/wycieczki\/wp-content\/uploads\/2023\/07\/Stawy-Echo-2.jpg","keywords":["Centralny Szlak Rowerowy Roztocza","Green Velo","Lubelskie","park narodowy","Podkarpacie","rower","Roztocza\u0144ski Park Narodowy","Roztocze"],"articleSection":["Green Velo","na rowerze"],"inLanguage":"pl-PL","potentialAction":[{"@type":"CommentAction","name":"Comment","target":["https:\/\/bardzogrubysmok.pl\/wycieczki\/green-velo-dzien-14-zwierzyniec-horyniec-zdroj\/#respond"]}]},{"@type":"WebPage","@id":"https:\/\/bardzogrubysmok.pl\/wycieczki\/green-velo-dzien-14-zwierzyniec-horyniec-zdroj\/","url":"https:\/\/bardzogrubysmok.pl\/wycieczki\/green-velo-dzien-14-zwierzyniec-horyniec-zdroj\/","name":"Green Velo \u2013 Dzie\u0144 14: Zwierzyniec \u2013 Horyniec Zdr\u00f3j - Smocze wycieczki","isPartOf":{"@id":"https:\/\/bardzogrubysmok.pl\/wycieczki\/#website"},"primaryImageOfPage":{"@id":"https:\/\/bardzogrubysmok.pl\/wycieczki\/green-velo-dzien-14-zwierzyniec-horyniec-zdroj\/#primaryimage"},"image":{"@id":"https:\/\/bardzogrubysmok.pl\/wycieczki\/green-velo-dzien-14-zwierzyniec-horyniec-zdroj\/#primaryimage"},"thumbnailUrl":"https:\/\/bardzogrubysmok.pl\/wycieczki\/wp-content\/uploads\/2023\/07\/Stawy-Echo-2.jpg","datePublished":"2023-07-12T18:51:06+00:00","dateModified":"2025-09-26T19:54:19+00:00","description":"Roztocza\u0144ski Park Narodowy, szumy na Tanwi oraz wjazd w Podkarpackie to nasz kolejny dzie\u0144 na trasie Green Velo. Przyroda tu jest pi\u0119kna!","breadcrumb":{"@id":"https:\/\/bardzogrubysmok.pl\/wycieczki\/green-velo-dzien-14-zwierzyniec-horyniec-zdroj\/#breadcrumb"},"inLanguage":"pl-PL","potentialAction":[{"@type":"ReadAction","target":["https:\/\/bardzogrubysmok.pl\/wycieczki\/green-velo-dzien-14-zwierzyniec-horyniec-zdroj\/"]}]},{"@type":"ImageObject","inLanguage":"pl-PL","@id":"https:\/\/bardzogrubysmok.pl\/wycieczki\/green-velo-dzien-14-zwierzyniec-horyniec-zdroj\/#primaryimage","url":"https:\/\/bardzogrubysmok.pl\/wycieczki\/wp-content\/uploads\/2023\/07\/Stawy-Echo-2.jpg","contentUrl":"https:\/\/bardzogrubysmok.pl\/wycieczki\/wp-content\/uploads\/2023\/07\/Stawy-Echo-2.jpg","width":973,"height":730,"caption":"Stawy Echo"},{"@type":"BreadcrumbList","@id":"https:\/\/bardzogrubysmok.pl\/wycieczki\/green-velo-dzien-14-zwierzyniec-horyniec-zdroj\/#breadcrumb","itemListElement":[{"@type":"ListItem","position":1,"name":"Strona g\u0142\u00f3wna","item":"https:\/\/bardzogrubysmok.pl\/wycieczki\/"},{"@type":"ListItem","position":2,"name":"Green Velo \u2013 Dzie\u0144 14: Zwierzyniec \u2013 Horyniec Zdr\u00f3j"}]},{"@type":"WebSite","@id":"https:\/\/bardzogrubysmok.pl\/wycieczki\/#website","url":"https:\/\/bardzogrubysmok.pl\/wycieczki\/","name":"Smocze wycieczki","description":"","publisher":{"@id":"https:\/\/bardzogrubysmok.pl\/wycieczki\/#\/schema\/person\/34c19df8fb03f397464a511ae78c4314"},"alternateName":"Smocze wycieczki","potentialAction":[{"@type":"SearchAction","target":{"@type":"EntryPoint","urlTemplate":"https:\/\/bardzogrubysmok.pl\/wycieczki\/?s={search_term_string}"},"query-input":{"@type":"PropertyValueSpecification","valueRequired":true,"valueName":"search_term_string"}}],"inLanguage":"pl-PL"},{"@type":["Person","Organization"],"@id":"https:\/\/bardzogrubysmok.pl\/wycieczki\/#\/schema\/person\/34c19df8fb03f397464a511ae78c4314","name":"Bardzo Gruby Smok","image":{"@type":"ImageObject","inLanguage":"pl-PL","@id":"https:\/\/bardzogrubysmok.pl\/wycieczki\/wp-content\/uploads\/2023\/04\/Logo-Bardzo-Gruby-Smok.png","url":"https:\/\/bardzogrubysmok.pl\/wycieczki\/wp-content\/uploads\/2023\/04\/Logo-Bardzo-Gruby-Smok.png","contentUrl":"https:\/\/bardzogrubysmok.pl\/wycieczki\/wp-content\/uploads\/2023\/04\/Logo-Bardzo-Gruby-Smok.png","width":400,"height":177,"caption":"Bardzo Gruby Smok"},"logo":{"@id":"https:\/\/bardzogrubysmok.pl\/wycieczki\/wp-content\/uploads\/2023\/04\/Logo-Bardzo-Gruby-Smok.png"},"sameAs":["https:\/\/bardzogrubysmok.pl\/wycieczki"],"url":"https:\/\/bardzogrubysmok.pl\/wycieczki\/author\/bardzogr_wyc\/"}]}},"_links":{"self":[{"href":"https:\/\/bardzogrubysmok.pl\/wycieczki\/wp-json\/wp\/v2\/posts\/1969","targetHints":{"allow":["GET"]}}],"collection":[{"href":"https:\/\/bardzogrubysmok.pl\/wycieczki\/wp-json\/wp\/v2\/posts"}],"about":[{"href":"https:\/\/bardzogrubysmok.pl\/wycieczki\/wp-json\/wp\/v2\/types\/post"}],"author":[{"embeddable":true,"href":"https:\/\/bardzogrubysmok.pl\/wycieczki\/wp-json\/wp\/v2\/users\/1"}],"replies":[{"embeddable":true,"href":"https:\/\/bardzogrubysmok.pl\/wycieczki\/wp-json\/wp\/v2\/comments?post=1969"}],"version-history":[{"count":13,"href":"https:\/\/bardzogrubysmok.pl\/wycieczki\/wp-json\/wp\/v2\/posts\/1969\/revisions"}],"predecessor-version":[{"id":2688,"href":"https:\/\/bardzogrubysmok.pl\/wycieczki\/wp-json\/wp\/v2\/posts\/1969\/revisions\/2688"}],"wp:featuredmedia":[{"embeddable":true,"href":"https:\/\/bardzogrubysmok.pl\/wycieczki\/wp-json\/wp\/v2\/media\/2465"}],"wp:attachment":[{"href":"https:\/\/bardzogrubysmok.pl\/wycieczki\/wp-json\/wp\/v2\/media?parent=1969"}],"wp:term":[{"taxonomy":"category","embeddable":true,"href":"https:\/\/bardzogrubysmok.pl\/wycieczki\/wp-json\/wp\/v2\/categories?post=1969"},{"taxonomy":"post_tag","embeddable":true,"href":"https:\/\/bardzogrubysmok.pl\/wycieczki\/wp-json\/wp\/v2\/tags?post=1969"}],"curies":[{"name":"wp","href":"https:\/\/api.w.org\/{rel}","templated":true}]}}