

{"id":1965,"date":"2023-07-10T20:49:53","date_gmt":"2023-07-10T18:49:53","guid":{"rendered":"https:\/\/bardzogrubysmok.pl\/wycieczki\/?p=1965"},"modified":"2025-09-26T21:54:29","modified_gmt":"2025-09-26T19:54:29","slug":"green-velo-dzien-12-boncza-kolonia-zwierzyniec","status":"publish","type":"post","link":"https:\/\/bardzogrubysmok.pl\/wycieczki\/green-velo-dzien-12-boncza-kolonia-zwierzyniec\/","title":{"rendered":"Green Velo \u2013 Dzie\u0144 12: Bo\u0144cza Kolonia \u2013 Zwierzyniec"},"content":{"rendered":"\n<p>Wp\u0142yn\u0105\u0142em na suchego przestw\u00f3r oceanu, a potem chrz\u0105szcz brzmi w trzcinie &#8211; czyli poetycki dzie\u0144 na naszej trasie Green Velo.<\/p>\n\n\n\n<!--more-->\n\n\n\n<figure class=\"wp-block-table is-style-stripes\"><table><tbody><tr><td><strong>Rodzaj trasy:<\/strong><\/td><td>d\u0142ugodystansowa<\/td><\/tr><tr><td><strong>Szlak:<\/strong><\/td><td>Green Velo<\/td><\/tr><tr><td><strong>Liczba kilometr\u00f3w:<\/strong><\/td><td>85,5km<\/td><\/tr><tr><td><strong>Trudno\u015b\u0107:<\/strong><\/td><td>\u0142atwa<\/td><\/tr><tr><td><strong>Przewy\u017cszenia:<\/strong><\/td><td>612 m \u2191 597 m \u2193<\/td><\/tr><tr><td><strong>Pod\u0142o\u017ce:<\/strong><\/td><td>asfalt, trawy, szutry<\/td><\/tr><tr><td><strong>Drogi:<\/strong><\/td><td>drogi o ma\u0142ym i \u015brednim nat\u0119\u017ceniu ruchu, \u015bcie\u017cki rowerowe, drogi polne i le\u015bne<\/td><\/tr><tr><td><strong>Atrakcje dodatkowe:<\/strong><\/td><td>Krasnystaw (bazylika), Zalew Nielisz, Szczebrzeszyn (pomnik chrz\u0105szcza, cerkiew)<\/td><\/tr><tr><td><strong>\u015alad GPX<\/strong><\/td><td><\/td><\/tr><\/tbody><\/table><\/figure>\n\n\n<p><link rel='stylesheet' id='osm-ol3-css-css' href='https:\/\/bardzogrubysmok.pl\/wycieczki\/wp-content\/plugins\/osm\/js\/OL\/10.9.0\/ol.css?ver=6.9.4' type='text\/css' media='all' \/>\n<link rel='stylesheet' id='osm-ol3-ext-css-css' href='https:\/\/bardzogrubysmok.pl\/wycieczki\/wp-content\/plugins\/osm\/css\/osm_map_v3.css?ver=6.9.4' type='text\/css' media='all' \/>\n<link rel='stylesheet' id='osm-map-css-css' href='https:\/\/bardzogrubysmok.pl\/wycieczki\/wp-content\/plugins\/osm\/css\/osm_map.css?ver=6.9.4' type='text\/css' media='all' \/>\n<script type=\"text\/javascript\" src=\"https:\/\/bardzogrubysmok.pl\/wycieczki\/wp-includes\/js\/dist\/vendor\/wp-polyfill.min.js?ver=3.15.0\" id=\"wp-polyfill-js\"><\/script>\n<script type=\"text\/javascript\" src=\"https:\/\/bardzogrubysmok.pl\/wycieczki\/wp-content\/plugins\/osm\/js\/OL\/10.9.0\/ol.js?ver=10.9.0\" id=\"osm-ol3-library-js\"><\/script>\n<script type=\"text\/javascript\" src=\"https:\/\/bardzogrubysmok.pl\/wycieczki\/wp-content\/plugins\/osm\/js\/osm-v3-plugin-lib.js?ver=1.0.0\" id=\"osm-ol3-ext-library-js\"><\/script>\n<script type=\"text\/javascript\" src=\"https:\/\/bardzogrubysmok.pl\/wycieczki\/wp-content\/plugins\/osm\/js\/osm-metabox-events.js?ver=1.0.0\" id=\"osm-ol3-metabox-events-js\"><\/script>\n<script type=\"text\/javascript\" src=\"https:\/\/bardzogrubysmok.pl\/wycieczki\/wp-includes\/js\/jquery\/jquery.min.js?ver=3.7.1\" id=\"jquery-core-js\"><\/script>\n<script type=\"text\/javascript\" src=\"https:\/\/bardzogrubysmok.pl\/wycieczki\/wp-includes\/js\/jquery\/jquery-migrate.min.js?ver=3.4.1\" id=\"jquery-migrate-js\"><\/script>\n<script type=\"text\/javascript\" id=\"osm-map-startup-js-extra\">\n\/* <![CDATA[ *\/\nvar translations = {\"openlayer\":\"open layer\",\"openlayerAtStartup\":\"open layer at startup\",\"generateLink\":\"link to this map with opened layers\",\"shortDescription\":\"short description\",\"generatedShortCode\":\"to get a text control link paste this code in your wordpress editor\",\"closeLayer\":\"close layer\",\"cantGenerateLink\":\"put this string in the existing map short code to control this map\"};\n\/\/# sourceURL=osm-map-startup-js-extra\n\/* ]]> *\/\n<\/script>\n<script type=\"text\/javascript\" src=\"https:\/\/bardzogrubysmok.pl\/wycieczki\/wp-content\/plugins\/osm\/js\/osm-startup-lib.js?ver=V6.2.5\" id=\"osm-map-startup-js\"><\/script>\n\n        <div id=\"map_ol3js_1\"\n       class=\"osm-map-container undefined\"\n             data-map_name=\"undefined\"\n             data-map=\"map_ol3js_1\"\n             data-autoshow=\"no\"\n             style=\"width:100%;\n                    max-width:100%;\n                    height:450px;\n                    display:block;\n                    overflow:hidden;\n                    border:2px solid grey;\n                    position: relative;\">\n          <div id=\"map_ol3js_1_popup\" class=\"ol-popup\">\n            <a href=\"#\" id=\"map_ol3js_1_popup-closer\" class=\"ol-popup-closer\"><\/a>\n            <div id=\"map_ol3js_1_popup-content\"><\/div>\n          <\/div>\n        <\/div>\n    <script type=\"text\/javascript\">\n\t\t\t  vectorM['map_ol3js_1'] = [];\n\t        \n        var raster = getTileLayer(\"osm\",\"NoKey\");\t\t\t\n\n\t\t\t  var map_ol3js_1 = new ol.Map({\n\t\t\t\tinteractions: ol.interaction.defaults.defaults({mouseWheelZoom:false}),\n\t\t\t\tlayers: [raster],\n\t\t\t\ttarget: \"map_ol3js_1\",\n\t\t\t\tview: new ol.View({\n\t\t\t\t  center: ol.proj.transform([6.378,58.213], \"EPSG:4326\", \"EPSG:3857\"),\n\t\t\t\t  zoom: 9\n\t\t\t\t})\n\t\t\t  });\n\t\t\t  \n    var style_map_ol3js_1_0 = {\n      \"Point\": [new ol.style.Style({\n\n          image: new ol.style.Icon({\n            anchor: [0.5, 41],\n            anchorXUnits: \"fraction\",\n            anchorYUnits: \"pixels\",\n            opacity: 0.75,\n            src: \"https:\/\/bardzogrubysmok.pl\/wycieczki\/wp-content\/plugins\/osm\/icons\/mic_green_pinother_02.png\"\n          })\n      })],\n\n      \"LineString\": [new ol.style.Style({\n        stroke: new ol.style.Stroke({\n          color: \"green\",\n          width: 8\n        })\n      })],\n      \"MultiLineString\": [new ol.style.Style({\n        stroke: new ol.style.Stroke({\n          color: \"green\",\n          width: 4\n        })\n      })]\n    };\n\t\t  var vectorL0 = new ol.layer.Vector({\n\t\t\t\tsource: new ol.source.Vector({\n\t\t\t\turl:\"https:\/\/bardzogrubysmok.pl\/wycieczki\/wp-content\/uploads\/gpx\/2023GreenVelo-12Bo\u0144czaKolonia-Zwierzyniec.gpx\",\n\t\t\t\tformat: new ol.format.GPX({\n\t\t\t\t\textractStyles: false\n\t\t\t\t})\n\t\t\t}),\n\t\t\tzIndex: 92,\n\t\t\tstyle: function(feature, resolution) {return style_map_ol3js_1_0[feature.getGeometry().getType()];}\n\t\t  });\n\t\t  map_ol3js_1.addLayer(vectorL0);\n      var extension1 = ol.extent.createEmpty();\n      var curZoom1 = map_ol3js_1.getView().getZoom();\n\n      map_ol3js_1.getLayers().forEach(function(layer){\n         if(!layer.get(\"id\")) {     \n            layer.once(\"change\", function(e){\n               ol.extent.extend(extension1, (layer.getSource().getExtent()));\n               map_ol3js_1.getView().fit(extension1, {padding: [50, 50, 50, 50]});\n            });\n         }\n      });\n\n    \naddControls2Map(map_ol3js_1,0,0,3,0,5,6,7,0,1);\nosm_addPopupClickhandler(map_ol3js_1,  \"map_ol3js_1\"); \nosm_addMouseHover(map_ol3js_1); <\/script><br \/><\/p>\n\n\n\n<p>Po pysznych \u015bniadaniu z placuszkami naszykowanym przez pani\u0105 gospodyni\u0119 jeszcze d\u0142ugo nie mo\u017cemy zebra\u0107 si\u0119 do drogi. Tu jest tak przyjemnie i \u0142adnie. A zwierz\u0119ta (zw\u0142aszcza k\u00f3zki pa\u0142aszuj\u0105ce li\u015bcie) s\u0105 fascynuj\u0105ce. Kilka jest bardzo ciekawskich, ale jest te\u017c jeden z\u0142o\u015bnik odganiaj\u0105cy pozosta\u0142e od nas. Ale nie ma zmi\u0142uj, trzeba jecha\u0107. I wyje\u017cd\u017camy z przytupem, bo przed nami kilka podjazd\u00f3w, kt\u00f3rych si\u0119 nie spodziewali\u015bmy.<\/p>\n\n\n\n<figure class=\"wp-block-gallery has-nested-images columns-2 is-cropped wp-block-gallery-1 is-layout-flex wp-block-gallery-is-layout-flex\">\n<figure class=\"wp-block-image size-large\"><a href=\"https:\/\/bardzogrubysmok.pl\/wycieczki\/wp-content\/uploads\/2023\/07\/gorki-w-Lubelskim.jpg\"><img loading=\"lazy\" decoding=\"async\" width=\"973\" height=\"730\" data-id=\"2437\" src=\"https:\/\/bardzogrubysmok.pl\/wycieczki\/wp-content\/uploads\/2023\/07\/gorki-w-Lubelskim.jpg\" alt=\"g\u00f3rki w Lubelskim\" class=\"wp-image-2437\" srcset=\"https:\/\/bardzogrubysmok.pl\/wycieczki\/wp-content\/uploads\/2023\/07\/gorki-w-Lubelskim.jpg 973w, https:\/\/bardzogrubysmok.pl\/wycieczki\/wp-content\/uploads\/2023\/07\/gorki-w-Lubelskim-300x225.jpg 300w, https:\/\/bardzogrubysmok.pl\/wycieczki\/wp-content\/uploads\/2023\/07\/gorki-w-Lubelskim-768x576.jpg 768w, https:\/\/bardzogrubysmok.pl\/wycieczki\/wp-content\/uploads\/2023\/07\/gorki-w-Lubelskim-850x638.jpg 850w\" sizes=\"auto, (max-width: 973px) 100vw, 973px\" \/><\/a><figcaption class=\"wp-element-caption\">g\u00f3rki w Lubelskim<\/figcaption><\/figure>\n<\/figure>\n\n\n\n<p>\u017beby troch\u0119 skr\u00f3ci\u0107 przejazd z powrotem na Green Velo, nie wracamy do punktu wyj\u015bcia tylko troch\u0119 &#8222;\u015bcinamy&#8221;. Trafiamy na \u0142\u0105ki i czujemy si\u0119 jak u Mickiewicza. Parafrazuj\u0105c: <em><strong>Wp\u0142yn\u0105\u0142em na suchego przestw\u00f3r oceanu, rower nurza si\u0119 w zielono\u015b\u0107 i jak \u0142\u00f3dka brodzi. <\/strong><\/em>I takie tam. Na ko\u0144cu musimy si\u0119 dobre otrzepa\u0107 (a wieczorem staranniej ogl\u0105dn\u0105\u0107, czy nie mamy kleszczy), ale wra\u017cenia ekstra &#8211; chyba jeden z najlepszych przejazd\u00f3w na trasie.<\/p>\n\n\n\n<figure class=\"wp-block-gallery has-nested-images columns-2 is-cropped wp-block-gallery-2 is-layout-flex wp-block-gallery-is-layout-flex\">\n<figure class=\"wp-block-image size-large\"><a href=\"https:\/\/bardzogrubysmok.pl\/wycieczki\/wp-content\/uploads\/2023\/07\/droga-przez-pola.jpg\"><img loading=\"lazy\" decoding=\"async\" width=\"973\" height=\"730\" data-id=\"2419\" src=\"https:\/\/bardzogrubysmok.pl\/wycieczki\/wp-content\/uploads\/2023\/07\/droga-przez-pola.jpg\" alt=\"droga przez pola\" class=\"wp-image-2419\" srcset=\"https:\/\/bardzogrubysmok.pl\/wycieczki\/wp-content\/uploads\/2023\/07\/droga-przez-pola.jpg 973w, https:\/\/bardzogrubysmok.pl\/wycieczki\/wp-content\/uploads\/2023\/07\/droga-przez-pola-300x225.jpg 300w, https:\/\/bardzogrubysmok.pl\/wycieczki\/wp-content\/uploads\/2023\/07\/droga-przez-pola-768x576.jpg 768w, https:\/\/bardzogrubysmok.pl\/wycieczki\/wp-content\/uploads\/2023\/07\/droga-przez-pola-850x638.jpg 850w\" sizes=\"auto, (max-width: 973px) 100vw, 973px\" \/><\/a><figcaption class=\"wp-element-caption\">droga przez pola<\/figcaption><\/figure>\n\n\n\n<figure class=\"wp-block-image size-large\"><a href=\"https:\/\/bardzogrubysmok.pl\/wycieczki\/wp-content\/uploads\/2023\/07\/przez-pola-i-laki.jpg\"><img loading=\"lazy\" decoding=\"async\" width=\"973\" height=\"730\" data-id=\"2425\" src=\"https:\/\/bardzogrubysmok.pl\/wycieczki\/wp-content\/uploads\/2023\/07\/przez-pola-i-laki.jpg\" alt=\"przez pola i \u0142\u0105ki\" class=\"wp-image-2425\" srcset=\"https:\/\/bardzogrubysmok.pl\/wycieczki\/wp-content\/uploads\/2023\/07\/przez-pola-i-laki.jpg 973w, https:\/\/bardzogrubysmok.pl\/wycieczki\/wp-content\/uploads\/2023\/07\/przez-pola-i-laki-300x225.jpg 300w, https:\/\/bardzogrubysmok.pl\/wycieczki\/wp-content\/uploads\/2023\/07\/przez-pola-i-laki-768x576.jpg 768w, https:\/\/bardzogrubysmok.pl\/wycieczki\/wp-content\/uploads\/2023\/07\/przez-pola-i-laki-850x638.jpg 850w\" sizes=\"auto, (max-width: 973px) 100vw, 973px\" \/><\/a><figcaption class=\"wp-element-caption\">przez pola i \u0142\u0105ki<\/figcaption><\/figure>\n\n\n\n<figure class=\"wp-block-image size-large\"><a href=\"https:\/\/bardzogrubysmok.pl\/wycieczki\/wp-content\/uploads\/2023\/07\/zboze-1.jpg\"><img loading=\"lazy\" decoding=\"async\" width=\"973\" height=\"730\" data-id=\"2435\" src=\"https:\/\/bardzogrubysmok.pl\/wycieczki\/wp-content\/uploads\/2023\/07\/zboze-1.jpg\" alt=\"zbo\u017ce\" class=\"wp-image-2435\" srcset=\"https:\/\/bardzogrubysmok.pl\/wycieczki\/wp-content\/uploads\/2023\/07\/zboze-1.jpg 973w, https:\/\/bardzogrubysmok.pl\/wycieczki\/wp-content\/uploads\/2023\/07\/zboze-1-300x225.jpg 300w, https:\/\/bardzogrubysmok.pl\/wycieczki\/wp-content\/uploads\/2023\/07\/zboze-1-768x576.jpg 768w, https:\/\/bardzogrubysmok.pl\/wycieczki\/wp-content\/uploads\/2023\/07\/zboze-1-850x638.jpg 850w\" sizes=\"auto, (max-width: 973px) 100vw, 973px\" \/><\/a><figcaption class=\"wp-element-caption\">zbo\u017ce<\/figcaption><\/figure>\n\n\n\n<figure class=\"wp-block-image size-large\"><a href=\"https:\/\/bardzogrubysmok.pl\/wycieczki\/wp-content\/uploads\/2023\/07\/wplynalem-na-suchego-przestwor-oceanu.jpg\"><img loading=\"lazy\" decoding=\"async\" width=\"973\" height=\"730\" data-id=\"2430\" src=\"https:\/\/bardzogrubysmok.pl\/wycieczki\/wp-content\/uploads\/2023\/07\/wplynalem-na-suchego-przestwor-oceanu.jpg\" alt=\"wp\u0142yn\u0105\u0142em na suchego przestw\u00f3r oceanu\" class=\"wp-image-2430\" srcset=\"https:\/\/bardzogrubysmok.pl\/wycieczki\/wp-content\/uploads\/2023\/07\/wplynalem-na-suchego-przestwor-oceanu.jpg 973w, https:\/\/bardzogrubysmok.pl\/wycieczki\/wp-content\/uploads\/2023\/07\/wplynalem-na-suchego-przestwor-oceanu-300x225.jpg 300w, https:\/\/bardzogrubysmok.pl\/wycieczki\/wp-content\/uploads\/2023\/07\/wplynalem-na-suchego-przestwor-oceanu-768x576.jpg 768w, https:\/\/bardzogrubysmok.pl\/wycieczki\/wp-content\/uploads\/2023\/07\/wplynalem-na-suchego-przestwor-oceanu-850x638.jpg 850w\" sizes=\"auto, (max-width: 973px) 100vw, 973px\" \/><\/a><figcaption class=\"wp-element-caption\">wp\u0142yn\u0105\u0142em na suchego przestw\u00f3r oceanu<\/figcaption><\/figure>\n<\/figure>\n\n\n\n<p>Za \u0142\u0105kami i polami zaczyna si\u0119 las. W Skierbieszowskim Parku Krajobrazowym z powrotem trafiamy na Green Velo.<\/p>\n\n\n\n<figure class=\"wp-block-gallery has-nested-images columns-2 is-cropped wp-block-gallery-3 is-layout-flex wp-block-gallery-is-layout-flex\">\n<figure class=\"wp-block-image size-large\"><a href=\"https:\/\/bardzogrubysmok.pl\/wycieczki\/wp-content\/uploads\/2023\/07\/Skierbieszowski-Park-Narodowy.jpg\"><img loading=\"lazy\" decoding=\"async\" width=\"973\" height=\"730\" data-id=\"2427\" src=\"https:\/\/bardzogrubysmok.pl\/wycieczki\/wp-content\/uploads\/2023\/07\/Skierbieszowski-Park-Narodowy.jpg\" alt=\"Skierbieszowski Park Narodowy\" class=\"wp-image-2427\" srcset=\"https:\/\/bardzogrubysmok.pl\/wycieczki\/wp-content\/uploads\/2023\/07\/Skierbieszowski-Park-Narodowy.jpg 973w, https:\/\/bardzogrubysmok.pl\/wycieczki\/wp-content\/uploads\/2023\/07\/Skierbieszowski-Park-Narodowy-300x225.jpg 300w, https:\/\/bardzogrubysmok.pl\/wycieczki\/wp-content\/uploads\/2023\/07\/Skierbieszowski-Park-Narodowy-768x576.jpg 768w, https:\/\/bardzogrubysmok.pl\/wycieczki\/wp-content\/uploads\/2023\/07\/Skierbieszowski-Park-Narodowy-850x638.jpg 850w\" sizes=\"auto, (max-width: 973px) 100vw, 973px\" \/><\/a><figcaption class=\"wp-element-caption\">Skierbieszowski Park Narodowy<\/figcaption><\/figure>\n\n\n\n<figure class=\"wp-block-image size-large\"><a href=\"https:\/\/bardzogrubysmok.pl\/wycieczki\/wp-content\/uploads\/2023\/07\/las-przed-Krasnystawem.jpg\"><img loading=\"lazy\" decoding=\"async\" width=\"973\" height=\"730\" data-id=\"2444\" src=\"https:\/\/bardzogrubysmok.pl\/wycieczki\/wp-content\/uploads\/2023\/07\/las-przed-Krasnystawem.jpg\" alt=\"las przed Krasnystawem\" class=\"wp-image-2444\" srcset=\"https:\/\/bardzogrubysmok.pl\/wycieczki\/wp-content\/uploads\/2023\/07\/las-przed-Krasnystawem.jpg 973w, https:\/\/bardzogrubysmok.pl\/wycieczki\/wp-content\/uploads\/2023\/07\/las-przed-Krasnystawem-300x225.jpg 300w, https:\/\/bardzogrubysmok.pl\/wycieczki\/wp-content\/uploads\/2023\/07\/las-przed-Krasnystawem-768x576.jpg 768w, https:\/\/bardzogrubysmok.pl\/wycieczki\/wp-content\/uploads\/2023\/07\/las-przed-Krasnystawem-850x638.jpg 850w\" sizes=\"auto, (max-width: 973px) 100vw, 973px\" \/><\/a><figcaption class=\"wp-element-caption\">las przed Krasnystawem<\/figcaption><\/figure>\n<\/figure>\n\n\n\n<p>Do Krasnystawu zje\u017cd\u017camy do\u015b\u0107 d\u0142ugo z g\u00f3rki. Tu uwaga, \u017ceby si\u0119 nie zajecha\u0107 w jednym miejscu &#8211; tak dobrze si\u0119 jedzie, \u017ce \u0142atwo przeoczy\u0107 skr\u0119t w lewo (mimo \u017ce jest strza\u0142ka). A sam Krasnystaw? Pozytywnie zaskakuje. Rynek jest bardzo schludny, jest fontanna, kilka rze\u017ab, ratusz odnowiony, a do tego kawiarnia z lodami, goframi i kaw\u0105! Warto zobaczy\u0107 te\u017c ko\u015bci\u00f3\u0142 \u015bw. Franciszka Ksawerego (co ciekawe, na jego podw\u00f3rzu jest MOR innej trasy rowerowej). Jedyne czego nie udaje nam si\u0119 zobaczy\u0107, to zamkni\u0119te na g\u0142ucho ogrody Marzenie \u015bw. Franciszka. Dziwne&#8230; Przez p\u0142ot wygl\u0105daj\u0105 na mocno zaniedbane.<\/p>\n\n\n\n<figure class=\"wp-block-gallery has-nested-images columns-2 is-cropped wp-block-gallery-4 is-layout-flex wp-block-gallery-is-layout-flex\">\n<figure class=\"wp-block-image size-large\"><a href=\"https:\/\/bardzogrubysmok.pl\/wycieczki\/wp-content\/uploads\/2023\/07\/Krasnystaw-rynek.jpg\"><img loading=\"lazy\" decoding=\"async\" width=\"973\" height=\"730\" data-id=\"2441\" src=\"https:\/\/bardzogrubysmok.pl\/wycieczki\/wp-content\/uploads\/2023\/07\/Krasnystaw-rynek.jpg\" alt=\"Krasnystaw - rynek\" class=\"wp-image-2441\" srcset=\"https:\/\/bardzogrubysmok.pl\/wycieczki\/wp-content\/uploads\/2023\/07\/Krasnystaw-rynek.jpg 973w, https:\/\/bardzogrubysmok.pl\/wycieczki\/wp-content\/uploads\/2023\/07\/Krasnystaw-rynek-300x225.jpg 300w, https:\/\/bardzogrubysmok.pl\/wycieczki\/wp-content\/uploads\/2023\/07\/Krasnystaw-rynek-768x576.jpg 768w, https:\/\/bardzogrubysmok.pl\/wycieczki\/wp-content\/uploads\/2023\/07\/Krasnystaw-rynek-850x638.jpg 850w\" sizes=\"auto, (max-width: 973px) 100vw, 973px\" \/><\/a><figcaption class=\"wp-element-caption\">Krasnystaw &#8211; rynek<\/figcaption><\/figure>\n\n\n\n<figure class=\"wp-block-image size-large\"><a href=\"https:\/\/bardzogrubysmok.pl\/wycieczki\/wp-content\/uploads\/2023\/07\/Krasnystaw-fontanna.jpg\"><img loading=\"lazy\" decoding=\"async\" width=\"973\" height=\"730\" data-id=\"2438\" src=\"https:\/\/bardzogrubysmok.pl\/wycieczki\/wp-content\/uploads\/2023\/07\/Krasnystaw-fontanna.jpg\" alt=\"Krasnystaw - fontanna\" class=\"wp-image-2438\" srcset=\"https:\/\/bardzogrubysmok.pl\/wycieczki\/wp-content\/uploads\/2023\/07\/Krasnystaw-fontanna.jpg 973w, https:\/\/bardzogrubysmok.pl\/wycieczki\/wp-content\/uploads\/2023\/07\/Krasnystaw-fontanna-300x225.jpg 300w, https:\/\/bardzogrubysmok.pl\/wycieczki\/wp-content\/uploads\/2023\/07\/Krasnystaw-fontanna-768x576.jpg 768w, https:\/\/bardzogrubysmok.pl\/wycieczki\/wp-content\/uploads\/2023\/07\/Krasnystaw-fontanna-850x638.jpg 850w\" sizes=\"auto, (max-width: 973px) 100vw, 973px\" \/><\/a><figcaption class=\"wp-element-caption\">Krasnystaw &#8211; fontanna<\/figcaption><\/figure>\n\n\n\n<figure class=\"wp-block-image size-large\"><a href=\"https:\/\/bardzogrubysmok.pl\/wycieczki\/wp-content\/uploads\/2023\/07\/Krasnystaw-lody.jpg\"><img loading=\"lazy\" decoding=\"async\" width=\"973\" height=\"730\" data-id=\"2440\" src=\"https:\/\/bardzogrubysmok.pl\/wycieczki\/wp-content\/uploads\/2023\/07\/Krasnystaw-lody.jpg\" alt=\"Krasnystaw - lody\" class=\"wp-image-2440\" srcset=\"https:\/\/bardzogrubysmok.pl\/wycieczki\/wp-content\/uploads\/2023\/07\/Krasnystaw-lody.jpg 973w, https:\/\/bardzogrubysmok.pl\/wycieczki\/wp-content\/uploads\/2023\/07\/Krasnystaw-lody-300x225.jpg 300w, https:\/\/bardzogrubysmok.pl\/wycieczki\/wp-content\/uploads\/2023\/07\/Krasnystaw-lody-768x576.jpg 768w, https:\/\/bardzogrubysmok.pl\/wycieczki\/wp-content\/uploads\/2023\/07\/Krasnystaw-lody-850x638.jpg 850w\" sizes=\"auto, (max-width: 973px) 100vw, 973px\" \/><\/a><figcaption class=\"wp-element-caption\">Krasnystaw &#8211; lody<\/figcaption><\/figure>\n\n\n\n<figure class=\"wp-block-image size-large\"><a href=\"https:\/\/bardzogrubysmok.pl\/wycieczki\/wp-content\/uploads\/2023\/07\/Krasnystaw-rzezby-zawodow.jpg\"><img loading=\"lazy\" decoding=\"async\" width=\"973\" height=\"730\" data-id=\"2442\" src=\"https:\/\/bardzogrubysmok.pl\/wycieczki\/wp-content\/uploads\/2023\/07\/Krasnystaw-rzezby-zawodow.jpg\" alt=\"Krasnystaw - rze\u017aby zawod\u00f3w\" class=\"wp-image-2442\" srcset=\"https:\/\/bardzogrubysmok.pl\/wycieczki\/wp-content\/uploads\/2023\/07\/Krasnystaw-rzezby-zawodow.jpg 973w, https:\/\/bardzogrubysmok.pl\/wycieczki\/wp-content\/uploads\/2023\/07\/Krasnystaw-rzezby-zawodow-300x225.jpg 300w, https:\/\/bardzogrubysmok.pl\/wycieczki\/wp-content\/uploads\/2023\/07\/Krasnystaw-rzezby-zawodow-768x576.jpg 768w, https:\/\/bardzogrubysmok.pl\/wycieczki\/wp-content\/uploads\/2023\/07\/Krasnystaw-rzezby-zawodow-850x638.jpg 850w\" sizes=\"auto, (max-width: 973px) 100vw, 973px\" \/><\/a><figcaption class=\"wp-element-caption\">Krasnystaw &#8211; rze\u017aby zawod\u00f3w<\/figcaption><\/figure>\n\n\n\n<figure class=\"wp-block-image size-large\"><a href=\"https:\/\/bardzogrubysmok.pl\/wycieczki\/wp-content\/uploads\/2023\/07\/Krasnystaw-stoliczek.jpg\"><img loading=\"lazy\" decoding=\"async\" width=\"548\" height=\"730\" data-id=\"2443\" src=\"https:\/\/bardzogrubysmok.pl\/wycieczki\/wp-content\/uploads\/2023\/07\/Krasnystaw-stoliczek.jpg\" alt=\"Krasnystaw - stoliczek\" class=\"wp-image-2443\" srcset=\"https:\/\/bardzogrubysmok.pl\/wycieczki\/wp-content\/uploads\/2023\/07\/Krasnystaw-stoliczek.jpg 548w, https:\/\/bardzogrubysmok.pl\/wycieczki\/wp-content\/uploads\/2023\/07\/Krasnystaw-stoliczek-225x300.jpg 225w, https:\/\/bardzogrubysmok.pl\/wycieczki\/wp-content\/uploads\/2023\/07\/Krasnystaw-stoliczek-300x400.jpg 300w\" sizes=\"auto, (max-width: 548px) 100vw, 548px\" \/><\/a><figcaption class=\"wp-element-caption\">Krasnystaw &#8211; stoliczek<\/figcaption><\/figure>\n\n\n\n<figure class=\"wp-block-image size-large\"><a href=\"https:\/\/bardzogrubysmok.pl\/wycieczki\/wp-content\/uploads\/2023\/07\/Krasnystaw-kosciol.jpg\"><img loading=\"lazy\" decoding=\"async\" width=\"548\" height=\"730\" data-id=\"2439\" src=\"https:\/\/bardzogrubysmok.pl\/wycieczki\/wp-content\/uploads\/2023\/07\/Krasnystaw-kosciol.jpg\" alt=\"Krasnystaw - ko\u015bci\u00f3\u0142\" class=\"wp-image-2439\" srcset=\"https:\/\/bardzogrubysmok.pl\/wycieczki\/wp-content\/uploads\/2023\/07\/Krasnystaw-kosciol.jpg 548w, https:\/\/bardzogrubysmok.pl\/wycieczki\/wp-content\/uploads\/2023\/07\/Krasnystaw-kosciol-225x300.jpg 225w, https:\/\/bardzogrubysmok.pl\/wycieczki\/wp-content\/uploads\/2023\/07\/Krasnystaw-kosciol-300x400.jpg 300w\" sizes=\"auto, (max-width: 548px) 100vw, 548px\" \/><\/a><figcaption class=\"wp-element-caption\">Krasnystaw &#8211; ko\u015bci\u00f3\u0142<\/figcaption><\/figure>\n<\/figure>\n\n\n\n<p>Z Krasnystawu wyje\u017cd\u017camy wa\u0142ami wzd\u0142u\u017c Wieprzu.<\/p>\n\n\n\n<figure class=\"wp-block-gallery has-nested-images columns-2 is-cropped wp-block-gallery-5 is-layout-flex wp-block-gallery-is-layout-flex\">\n<figure class=\"wp-block-image size-large\"><a href=\"https:\/\/bardzogrubysmok.pl\/wycieczki\/wp-content\/uploads\/2023\/07\/Wieprz.jpg\"><img loading=\"lazy\" decoding=\"async\" width=\"973\" height=\"730\" data-id=\"2429\" src=\"https:\/\/bardzogrubysmok.pl\/wycieczki\/wp-content\/uploads\/2023\/07\/Wieprz.jpg\" alt=\"Wieprz\" class=\"wp-image-2429\" srcset=\"https:\/\/bardzogrubysmok.pl\/wycieczki\/wp-content\/uploads\/2023\/07\/Wieprz.jpg 973w, https:\/\/bardzogrubysmok.pl\/wycieczki\/wp-content\/uploads\/2023\/07\/Wieprz-300x225.jpg 300w, https:\/\/bardzogrubysmok.pl\/wycieczki\/wp-content\/uploads\/2023\/07\/Wieprz-768x576.jpg 768w, https:\/\/bardzogrubysmok.pl\/wycieczki\/wp-content\/uploads\/2023\/07\/Wieprz-850x638.jpg 850w\" sizes=\"auto, (max-width: 973px) 100vw, 973px\" \/><\/a><figcaption class=\"wp-element-caption\">Wieprz<\/figcaption><\/figure>\n\n\n\n<figure class=\"wp-block-image size-large\"><a href=\"https:\/\/bardzogrubysmok.pl\/wycieczki\/wp-content\/uploads\/2023\/07\/wzdluz-Wieprzu.jpg\"><img loading=\"lazy\" decoding=\"async\" width=\"973\" height=\"730\" data-id=\"2431\" src=\"https:\/\/bardzogrubysmok.pl\/wycieczki\/wp-content\/uploads\/2023\/07\/wzdluz-Wieprzu.jpg\" alt=\"wzd\u0142u\u017c Wieprzu\" class=\"wp-image-2431\" srcset=\"https:\/\/bardzogrubysmok.pl\/wycieczki\/wp-content\/uploads\/2023\/07\/wzdluz-Wieprzu.jpg 973w, https:\/\/bardzogrubysmok.pl\/wycieczki\/wp-content\/uploads\/2023\/07\/wzdluz-Wieprzu-300x225.jpg 300w, https:\/\/bardzogrubysmok.pl\/wycieczki\/wp-content\/uploads\/2023\/07\/wzdluz-Wieprzu-768x576.jpg 768w, https:\/\/bardzogrubysmok.pl\/wycieczki\/wp-content\/uploads\/2023\/07\/wzdluz-Wieprzu-850x638.jpg 850w\" sizes=\"auto, (max-width: 973px) 100vw, 973px\" \/><\/a><figcaption class=\"wp-element-caption\">wzd\u0142u\u017c Wieprzu<\/figcaption><\/figure>\n<\/figure>\n\n\n\n<p>A za miastem chwila spokojnego przejazdu p\u0142askim asfaltem. Ale ju\u017c niedaleko dalej zaczyna si\u0119 do\u015b\u0107 d\u0142ugi podjazd &#8211; na szcz\u0119\u015bcie te\u017c asfaltem. W ko\u015b\u0107 tylko daje grzej\u0105ce s\u0142oneczko. Ale narzeka\u0107 nie b\u0119dziemy! Wje\u017cd\u017camy na najwy\u017cszy punkt dzisiejszego dnia, po czym czeka nas d\u0142ugi zjazd poln\u0105 drog\u0105! A po jakim\u015b czasie post\u00f3j na MORze w Ostrzycy.<\/p>\n\n\n\n<figure class=\"wp-block-gallery has-nested-images columns-2 is-cropped wp-block-gallery-6 is-layout-flex wp-block-gallery-is-layout-flex\">\n<figure class=\"wp-block-image size-large\"><a href=\"https:\/\/bardzogrubysmok.pl\/wycieczki\/wp-content\/uploads\/2023\/07\/przejazd-przez-pola-z-gorki.jpg\"><img loading=\"lazy\" decoding=\"async\" width=\"973\" height=\"730\" data-id=\"2424\" src=\"https:\/\/bardzogrubysmok.pl\/wycieczki\/wp-content\/uploads\/2023\/07\/przejazd-przez-pola-z-gorki.jpg\" alt=\"przejazd przez pola z g\u00f3rki\" class=\"wp-image-2424\" srcset=\"https:\/\/bardzogrubysmok.pl\/wycieczki\/wp-content\/uploads\/2023\/07\/przejazd-przez-pola-z-gorki.jpg 973w, https:\/\/bardzogrubysmok.pl\/wycieczki\/wp-content\/uploads\/2023\/07\/przejazd-przez-pola-z-gorki-300x225.jpg 300w, https:\/\/bardzogrubysmok.pl\/wycieczki\/wp-content\/uploads\/2023\/07\/przejazd-przez-pola-z-gorki-768x576.jpg 768w, https:\/\/bardzogrubysmok.pl\/wycieczki\/wp-content\/uploads\/2023\/07\/przejazd-przez-pola-z-gorki-850x638.jpg 850w\" sizes=\"auto, (max-width: 973px) 100vw, 973px\" \/><\/a><figcaption class=\"wp-element-caption\">przejazd przez pola z g\u00f3rki<\/figcaption><\/figure>\n\n\n\n<figure class=\"wp-block-image size-large\"><a href=\"https:\/\/bardzogrubysmok.pl\/wycieczki\/wp-content\/uploads\/2023\/07\/MOR-Ostrzyca.jpg\"><img loading=\"lazy\" decoding=\"async\" width=\"973\" height=\"730\" data-id=\"2421\" src=\"https:\/\/bardzogrubysmok.pl\/wycieczki\/wp-content\/uploads\/2023\/07\/MOR-Ostrzyca.jpg\" alt=\"MOR Ostrzyca\" class=\"wp-image-2421\" srcset=\"https:\/\/bardzogrubysmok.pl\/wycieczki\/wp-content\/uploads\/2023\/07\/MOR-Ostrzyca.jpg 973w, https:\/\/bardzogrubysmok.pl\/wycieczki\/wp-content\/uploads\/2023\/07\/MOR-Ostrzyca-300x225.jpg 300w, https:\/\/bardzogrubysmok.pl\/wycieczki\/wp-content\/uploads\/2023\/07\/MOR-Ostrzyca-768x576.jpg 768w, https:\/\/bardzogrubysmok.pl\/wycieczki\/wp-content\/uploads\/2023\/07\/MOR-Ostrzyca-850x638.jpg 850w\" sizes=\"auto, (max-width: 973px) 100vw, 973px\" \/><\/a><figcaption class=\"wp-element-caption\">MOR Ostrzyca<\/figcaption><\/figure>\n<\/figure>\n\n\n\n<p>W ko\u0144cu doje\u017cd\u017camy nad Zalew Nielisz. Tutaj planujemy ma\u0142e pla\u017cowanie lub hamakowanie. Nad wod\u0105 komary nie odpuszczaj\u0105, ale robimy piknik z ksi\u0105\u017ck\u0105. Powoli zbli\u017camy si\u0119 do Roztocza, wi\u0119c mo\u017cna ju\u017c zacz\u0105\u0107 czyta\u0107 krymina\u0142, kt\u00f3rego akcja dzieje si\u0119 w\u0142a\u015bnie w tym rejonie \ud83d\ude09<\/p>\n\n\n\n<figure class=\"wp-block-gallery has-nested-images columns-2 is-cropped wp-block-gallery-7 is-layout-flex wp-block-gallery-is-layout-flex\">\n<figure class=\"wp-block-image size-large\"><a href=\"https:\/\/bardzogrubysmok.pl\/wycieczki\/wp-content\/uploads\/2023\/07\/Zalew-Nielisz.jpg\"><img loading=\"lazy\" decoding=\"async\" width=\"973\" height=\"730\" data-id=\"2434\" src=\"https:\/\/bardzogrubysmok.pl\/wycieczki\/wp-content\/uploads\/2023\/07\/Zalew-Nielisz.jpg\" alt=\"Zalew Nielisz\" class=\"wp-image-2434\" srcset=\"https:\/\/bardzogrubysmok.pl\/wycieczki\/wp-content\/uploads\/2023\/07\/Zalew-Nielisz.jpg 973w, https:\/\/bardzogrubysmok.pl\/wycieczki\/wp-content\/uploads\/2023\/07\/Zalew-Nielisz-300x225.jpg 300w, https:\/\/bardzogrubysmok.pl\/wycieczki\/wp-content\/uploads\/2023\/07\/Zalew-Nielisz-768x576.jpg 768w, https:\/\/bardzogrubysmok.pl\/wycieczki\/wp-content\/uploads\/2023\/07\/Zalew-Nielisz-850x638.jpg 850w\" sizes=\"auto, (max-width: 973px) 100vw, 973px\" \/><\/a><figcaption class=\"wp-element-caption\">Zalew Nielisz<\/figcaption><\/figure>\n\n\n\n<figure class=\"wp-block-image size-large\"><a href=\"https:\/\/bardzogrubysmok.pl\/wycieczki\/wp-content\/uploads\/2023\/07\/Zalew-Nielisz-1.jpg\"><img loading=\"lazy\" decoding=\"async\" width=\"973\" height=\"730\" data-id=\"2432\" src=\"https:\/\/bardzogrubysmok.pl\/wycieczki\/wp-content\/uploads\/2023\/07\/Zalew-Nielisz-1.jpg\" alt=\"Zalew Nielisz\" class=\"wp-image-2432\" srcset=\"https:\/\/bardzogrubysmok.pl\/wycieczki\/wp-content\/uploads\/2023\/07\/Zalew-Nielisz-1.jpg 973w, https:\/\/bardzogrubysmok.pl\/wycieczki\/wp-content\/uploads\/2023\/07\/Zalew-Nielisz-1-300x225.jpg 300w, https:\/\/bardzogrubysmok.pl\/wycieczki\/wp-content\/uploads\/2023\/07\/Zalew-Nielisz-1-768x576.jpg 768w, https:\/\/bardzogrubysmok.pl\/wycieczki\/wp-content\/uploads\/2023\/07\/Zalew-Nielisz-1-850x638.jpg 850w\" sizes=\"auto, (max-width: 973px) 100vw, 973px\" \/><\/a><figcaption class=\"wp-element-caption\">Zalew Nielisz<\/figcaption><\/figure>\n\n\n\n<figure class=\"wp-block-image size-large\"><a href=\"https:\/\/bardzogrubysmok.pl\/wycieczki\/wp-content\/uploads\/2023\/07\/Zalew-Nielisz-2.jpg\"><img loading=\"lazy\" decoding=\"async\" width=\"973\" height=\"730\" data-id=\"2433\" src=\"https:\/\/bardzogrubysmok.pl\/wycieczki\/wp-content\/uploads\/2023\/07\/Zalew-Nielisz-2.jpg\" alt=\"Zalew Nielisz\" class=\"wp-image-2433\" srcset=\"https:\/\/bardzogrubysmok.pl\/wycieczki\/wp-content\/uploads\/2023\/07\/Zalew-Nielisz-2.jpg 973w, https:\/\/bardzogrubysmok.pl\/wycieczki\/wp-content\/uploads\/2023\/07\/Zalew-Nielisz-2-300x225.jpg 300w, https:\/\/bardzogrubysmok.pl\/wycieczki\/wp-content\/uploads\/2023\/07\/Zalew-Nielisz-2-768x576.jpg 768w, https:\/\/bardzogrubysmok.pl\/wycieczki\/wp-content\/uploads\/2023\/07\/Zalew-Nielisz-2-850x638.jpg 850w\" sizes=\"auto, (max-width: 973px) 100vw, 973px\" \/><\/a><figcaption class=\"wp-element-caption\">Zalew Nielisz<\/figcaption><\/figure>\n<\/figure>\n\n\n\n<p>Na ko\u0144cu zalewu Nielisz trafiamy na \u015bwietnie zlokalizowany MOR Kulig\u00f3w z wie\u017c\u0105 widokow\u0105 na jezioro. <\/p>\n\n\n\n<p>W Micha\u0142owie znajduje si\u0119 pa\u0142ac Zamojskich. Podje\u017cd\u017camy wi\u0119c pod bram\u0119 i zawracamy przy tabliczce &#8222;teren prywatny&#8221; dodatkowo zniech\u0119ceni do wjazdu przez wyje\u017cd\u017caj\u0105cego stamt\u0105d autem ch\u0142opaka. Potem czytamy w internecie, \u017ce pa\u0142ac wr\u00f3ci\u0142 w prywatne r\u0119ce Zamojskich i rozpocz\u0119li remont. S\u0105dz\u0105c z tego, jak d\u0142ugo jedzie si\u0119 wzd\u0142u\u017c muru do bramy wjazdowej, jest to ogromny teren ca\u0142y zalesiony.<\/p>\n\n\n\n<figure class=\"wp-block-gallery has-nested-images columns-2 is-cropped wp-block-gallery-8 is-layout-flex wp-block-gallery-is-layout-flex\">\n<figure class=\"wp-block-image size-large\"><a href=\"https:\/\/bardzogrubysmok.pl\/wycieczki\/wp-content\/uploads\/2023\/07\/Michalow-brama-wjazdowa-do-dworu.jpg\"><img loading=\"lazy\" decoding=\"async\" width=\"973\" height=\"730\" data-id=\"2445\" src=\"https:\/\/bardzogrubysmok.pl\/wycieczki\/wp-content\/uploads\/2023\/07\/Michalow-brama-wjazdowa-do-dworu.jpg\" alt=\"Micha\u0142\u00f3w - brama wjazdowa do dworu\" class=\"wp-image-2445\" srcset=\"https:\/\/bardzogrubysmok.pl\/wycieczki\/wp-content\/uploads\/2023\/07\/Michalow-brama-wjazdowa-do-dworu.jpg 973w, https:\/\/bardzogrubysmok.pl\/wycieczki\/wp-content\/uploads\/2023\/07\/Michalow-brama-wjazdowa-do-dworu-300x225.jpg 300w, https:\/\/bardzogrubysmok.pl\/wycieczki\/wp-content\/uploads\/2023\/07\/Michalow-brama-wjazdowa-do-dworu-768x576.jpg 768w, https:\/\/bardzogrubysmok.pl\/wycieczki\/wp-content\/uploads\/2023\/07\/Michalow-brama-wjazdowa-do-dworu-850x638.jpg 850w\" sizes=\"auto, (max-width: 973px) 100vw, 973px\" \/><\/a><figcaption class=\"wp-element-caption\">Micha\u0142\u00f3w &#8211; brama wjazdowa do dworu<\/figcaption><\/figure>\n<\/figure>\n\n\n\n<p>Troch\u0119 zg\u0142odniali zatrzymujemy si\u0119 w restauracji Klemens zlokalizowanej w zabytkowym budynku stanowi\u0105cym jednocze\u015bnie muzeum skarb\u00f3w ziemi i morza. Jedzenie smaczne, a do tego mo\u017cna troch\u0119 pozwiedza\u0107. I maj\u0105 tu k\u00f3zk\u0119 i kr\u00f3liki \ud83d\ude42<\/p>\n\n\n\n<figure class=\"wp-block-gallery has-nested-images columns-2 is-cropped wp-block-gallery-9 is-layout-flex wp-block-gallery-is-layout-flex\">\n<figure class=\"wp-block-image size-large\"><a href=\"https:\/\/bardzogrubysmok.pl\/wycieczki\/wp-content\/uploads\/2023\/07\/na-koniku.jpg\"><img loading=\"lazy\" decoding=\"async\" width=\"973\" height=\"730\" data-id=\"2422\" src=\"https:\/\/bardzogrubysmok.pl\/wycieczki\/wp-content\/uploads\/2023\/07\/na-koniku.jpg\" alt=\"na koniku\" class=\"wp-image-2422\" srcset=\"https:\/\/bardzogrubysmok.pl\/wycieczki\/wp-content\/uploads\/2023\/07\/na-koniku.jpg 973w, https:\/\/bardzogrubysmok.pl\/wycieczki\/wp-content\/uploads\/2023\/07\/na-koniku-300x225.jpg 300w, https:\/\/bardzogrubysmok.pl\/wycieczki\/wp-content\/uploads\/2023\/07\/na-koniku-768x576.jpg 768w, https:\/\/bardzogrubysmok.pl\/wycieczki\/wp-content\/uploads\/2023\/07\/na-koniku-850x638.jpg 850w\" sizes=\"auto, (max-width: 973px) 100vw, 973px\" \/><\/a><figcaption class=\"wp-element-caption\">na koniku<\/figcaption><\/figure>\n\n\n\n<figure class=\"wp-block-image size-large\"><a href=\"https:\/\/bardzogrubysmok.pl\/wycieczki\/wp-content\/uploads\/2023\/07\/na-rowerze.jpg\"><img loading=\"lazy\" decoding=\"async\" width=\"973\" height=\"730\" data-id=\"2423\" src=\"https:\/\/bardzogrubysmok.pl\/wycieczki\/wp-content\/uploads\/2023\/07\/na-rowerze.jpg\" alt=\"na rowerze\" class=\"wp-image-2423\" srcset=\"https:\/\/bardzogrubysmok.pl\/wycieczki\/wp-content\/uploads\/2023\/07\/na-rowerze.jpg 973w, https:\/\/bardzogrubysmok.pl\/wycieczki\/wp-content\/uploads\/2023\/07\/na-rowerze-300x225.jpg 300w, https:\/\/bardzogrubysmok.pl\/wycieczki\/wp-content\/uploads\/2023\/07\/na-rowerze-768x576.jpg 768w, https:\/\/bardzogrubysmok.pl\/wycieczki\/wp-content\/uploads\/2023\/07\/na-rowerze-850x638.jpg 850w\" sizes=\"auto, (max-width: 973px) 100vw, 973px\" \/><\/a><figcaption class=\"wp-element-caption\">na rowerze<\/figcaption><\/figure>\n\n\n\n<figure class=\"wp-block-image size-large\"><a href=\"https:\/\/bardzogrubysmok.pl\/wycieczki\/wp-content\/uploads\/2023\/07\/restauracja-Klemens.jpg\"><img loading=\"lazy\" decoding=\"async\" width=\"973\" height=\"730\" data-id=\"2426\" src=\"https:\/\/bardzogrubysmok.pl\/wycieczki\/wp-content\/uploads\/2023\/07\/restauracja-Klemens.jpg\" alt=\"restauracja Klemens\" class=\"wp-image-2426\" srcset=\"https:\/\/bardzogrubysmok.pl\/wycieczki\/wp-content\/uploads\/2023\/07\/restauracja-Klemens.jpg 973w, https:\/\/bardzogrubysmok.pl\/wycieczki\/wp-content\/uploads\/2023\/07\/restauracja-Klemens-300x225.jpg 300w, https:\/\/bardzogrubysmok.pl\/wycieczki\/wp-content\/uploads\/2023\/07\/restauracja-Klemens-768x576.jpg 768w, https:\/\/bardzogrubysmok.pl\/wycieczki\/wp-content\/uploads\/2023\/07\/restauracja-Klemens-850x638.jpg 850w\" sizes=\"auto, (max-width: 973px) 100vw, 973px\" \/><\/a><figcaption class=\"wp-element-caption\">restauracja Klemens<\/figcaption><\/figure>\n<\/figure>\n\n\n\n<p>Po obiedzie nie wracamy na Green Velo. Chcemy przywita\u0107 si\u0119 z chrz\u0105szczem, a wi\u0119c skracamy sobie drog\u0119 do Szczebrzeszyna. I wszystko si\u0119 zgadza: <strong><em>Chrz\u0105szcz brzmi w trzcinie w Szczebrzeszynie i Szczebrzeszyn z tego s\u0142ynie.<\/em><\/strong> Tzn. nie&#8230; nie wszystko si\u0119 zgadza &#8211; nie ma trzciny. Ale za to s\u0105 pelargonie \ud83d\ude42<\/p>\n\n\n\n<figure class=\"wp-block-gallery has-nested-images columns-2 is-cropped wp-block-gallery-10 is-layout-flex wp-block-gallery-is-layout-flex\">\n<figure class=\"wp-block-image size-large\"><a href=\"https:\/\/bardzogrubysmok.pl\/wycieczki\/wp-content\/uploads\/2023\/07\/chrzaszcz-brzmi-w-trzcinie.jpg\"><img loading=\"lazy\" decoding=\"async\" width=\"548\" height=\"730\" data-id=\"2436\" src=\"https:\/\/bardzogrubysmok.pl\/wycieczki\/wp-content\/uploads\/2023\/07\/chrzaszcz-brzmi-w-trzcinie.jpg\" alt=\"chrz\u0105szcz brzmi w trzcinie\" class=\"wp-image-2436\" srcset=\"https:\/\/bardzogrubysmok.pl\/wycieczki\/wp-content\/uploads\/2023\/07\/chrzaszcz-brzmi-w-trzcinie.jpg 548w, https:\/\/bardzogrubysmok.pl\/wycieczki\/wp-content\/uploads\/2023\/07\/chrzaszcz-brzmi-w-trzcinie-225x300.jpg 225w, https:\/\/bardzogrubysmok.pl\/wycieczki\/wp-content\/uploads\/2023\/07\/chrzaszcz-brzmi-w-trzcinie-300x400.jpg 300w\" sizes=\"auto, (max-width: 548px) 100vw, 548px\" \/><\/a><figcaption class=\"wp-element-caption\">chrz\u0105szcz brzmi w trzcinie<\/figcaption><\/figure>\n<\/figure>\n\n\n\n<p>Ostatnie kilometry to szybki przejazd do Zwierzy\u0144ca. Jedziemy znowu Green Velo &#8211; tym razem droga rowerowa jest wydzielona na jezdni, wi\u0119c pobijamy rekordy pr\u0119dko\u015bci \ud83d\ude09 Wiedzie wzd\u0142u\u017c rzeki Wieprz, ale nie wida\u0107 jej z drogi. <\/p>\n\n\n\n<p>Na miejscu spore zakupy (w ko\u0144cu zostajemy tu dwie noce) i&#8230; nasz nocleg jest na g\u00f3rce. Dobrze, \u017ce zrobili\u015bmy te zakupy zamiast jecha\u0107 na nocleg i dopiero rusza\u0107 na &#8222;\u0142owy&#8221;. \ud83d\ude42<\/p>\n\n\n\n<br>\n<div id=\"NokautAdsResultContainer\">\n<div class=\"NokautWidgetCI\">\n<a href=\"http:\/\/www.nokaut.pl\/?pid=141866&amp;cid=2\" onclick=\"NokautPP.clickTracker();\" rel=\"nofollow\">\n<span class=\"NokautWidgetCILogo1\">nokaut<\/span><span class=\"NokautWidgetCILogo2\">.pl<\/span>\n<span class=\"NokautWidgetCISlogan\">&nbsp;por\u00f3wnywarka cen<\/span>\n<\/a>\n<\/div>\n<\/div>\n<script type=\"text\/javascript\">\nnokaut_ad_mode = \"multi\";\nnokaut_ad_type = \"category\";\nnokaut_ad_content = [470,651,5781,6226,7027,8828,9283,9659,9660,9671,11008];\nnokaut_ad_partner = 141866;\nnokaut_ad_channel = 2;\nnokaut_ad_format = \"300x250\";\nnokaut_ad_newpage = 1;\n<\/script>\n<script type=\"text\/javascript\" src=\"\/\/widget.nokaut.pl\/pp\/nokaut.js\" charset=\"utf-8\"><\/script>\n","protected":false},"excerpt":{"rendered":"<p>Wp\u0142yn\u0105\u0142em na suchego przestw\u00f3r oceanu, a potem chrz\u0105szcz brzmi w trzcinie &#8211; czyli poetycki dzie\u0144 na naszej trasie Green Velo.<\/p>\n","protected":false},"author":1,"featured_media":2424,"comment_status":"open","ping_status":"open","sticky":false,"template":"","format":"standard","meta":{"footnotes":""},"categories":[163,5],"tags":[88,77,79,99,75,21,131,130],"class_list":["post-1965","post","type-post","status-publish","format-standard","has-post-thumbnail","hentry","category-green-velo","category-na-rowerze","tag-centralny-szlak-rowerowy-roztocza","tag-green-velo","tag-lubelskie","tag-miasto-powiatowe","tag-park-narodowy","tag-rower","tag-roztoczanski-park-narodowy","tag-roztocze"],"yoast_head":"<!-- This site is optimized with the Yoast SEO plugin v27.5 - https:\/\/yoast.com\/product\/yoast-seo-wordpress\/ -->\n<title>Green Velo \u2013 Dzie\u0144 12: Bo\u0144cza Kolonia \u2013 Zwierzyniec - Smocze wycieczki<\/title>\n<meta name=\"description\" content=\"Wp\u0142yn\u0105\u0142em na suchego przestw\u00f3r oceanu, a potem chrz\u0105szcz brzmi w trzcinie - czyli poetycki dzie\u0144 na naszej trasie Green Velo.\" \/>\n<meta name=\"robots\" content=\"index, follow, max-snippet:-1, max-image-preview:large, max-video-preview:-1\" \/>\n<link rel=\"canonical\" href=\"https:\/\/bardzogrubysmok.pl\/wycieczki\/green-velo-dzien-12-boncza-kolonia-zwierzyniec\/\" \/>\n<meta property=\"og:locale\" content=\"pl_PL\" \/>\n<meta property=\"og:type\" content=\"article\" \/>\n<meta property=\"og:title\" content=\"Green Velo \u2013 Dzie\u0144 12: Bo\u0144cza Kolonia \u2013 Zwierzyniec - Smocze wycieczki\" \/>\n<meta property=\"og:description\" content=\"Wp\u0142yn\u0105\u0142em na suchego przestw\u00f3r oceanu, a potem chrz\u0105szcz brzmi w trzcinie - czyli poetycki dzie\u0144 na naszej trasie Green Velo.\" \/>\n<meta property=\"og:url\" content=\"https:\/\/bardzogrubysmok.pl\/wycieczki\/green-velo-dzien-12-boncza-kolonia-zwierzyniec\/\" \/>\n<meta property=\"og:site_name\" content=\"Smocze wycieczki\" \/>\n<meta property=\"article:published_time\" content=\"2023-07-10T18:49:53+00:00\" \/>\n<meta property=\"article:modified_time\" content=\"2025-09-26T19:54:29+00:00\" \/>\n<meta property=\"og:image\" content=\"https:\/\/bardzogrubysmok.pl\/wycieczki\/wp-content\/uploads\/2023\/07\/przejazd-przez-pola-z-gorki.jpg\" \/>\n\t<meta property=\"og:image:width\" content=\"973\" \/>\n\t<meta property=\"og:image:height\" content=\"730\" \/>\n\t<meta property=\"og:image:type\" content=\"image\/jpeg\" \/>\n<meta name=\"author\" content=\"Bardzo Gruby Smok\" \/>\n<meta name=\"twitter:card\" content=\"summary_large_image\" \/>\n<meta name=\"twitter:label1\" content=\"Napisane przez\" \/>\n\t<meta name=\"twitter:data1\" content=\"Bardzo Gruby Smok\" \/>\n\t<meta name=\"twitter:label2\" content=\"Szacowany czas czytania\" \/>\n\t<meta name=\"twitter:data2\" content=\"10 minut\" \/>\n<script type=\"application\/ld+json\" class=\"yoast-schema-graph\">{\"@context\":\"https:\\\/\\\/schema.org\",\"@graph\":[{\"@type\":[\"Article\",\"BlogPosting\"],\"@id\":\"https:\\\/\\\/bardzogrubysmok.pl\\\/wycieczki\\\/green-velo-dzien-12-boncza-kolonia-zwierzyniec\\\/#article\",\"isPartOf\":{\"@id\":\"https:\\\/\\\/bardzogrubysmok.pl\\\/wycieczki\\\/green-velo-dzien-12-boncza-kolonia-zwierzyniec\\\/\"},\"author\":{\"name\":\"Bardzo Gruby Smok\",\"@id\":\"https:\\\/\\\/bardzogrubysmok.pl\\\/wycieczki\\\/#\\\/schema\\\/person\\\/34c19df8fb03f397464a511ae78c4314\"},\"headline\":\"Green Velo \u2013 Dzie\u0144 12: Bo\u0144cza Kolonia \u2013 Zwierzyniec\",\"datePublished\":\"2023-07-10T18:49:53+00:00\",\"dateModified\":\"2025-09-26T19:54:29+00:00\",\"mainEntityOfPage\":{\"@id\":\"https:\\\/\\\/bardzogrubysmok.pl\\\/wycieczki\\\/green-velo-dzien-12-boncza-kolonia-zwierzyniec\\\/\"},\"wordCount\":881,\"commentCount\":0,\"publisher\":{\"@id\":\"https:\\\/\\\/bardzogrubysmok.pl\\\/wycieczki\\\/#\\\/schema\\\/person\\\/34c19df8fb03f397464a511ae78c4314\"},\"image\":{\"@id\":\"https:\\\/\\\/bardzogrubysmok.pl\\\/wycieczki\\\/green-velo-dzien-12-boncza-kolonia-zwierzyniec\\\/#primaryimage\"},\"thumbnailUrl\":\"https:\\\/\\\/bardzogrubysmok.pl\\\/wycieczki\\\/wp-content\\\/uploads\\\/2023\\\/07\\\/przejazd-przez-pola-z-gorki.jpg\",\"keywords\":[\"Centralny Szlak Rowerowy Roztocza\",\"Green Velo\",\"Lubelskie\",\"miasto powiatowe\",\"park narodowy\",\"rower\",\"Roztocza\u0144ski Park Narodowy\",\"Roztocze\"],\"articleSection\":[\"Green Velo\",\"na rowerze\"],\"inLanguage\":\"pl-PL\",\"potentialAction\":[{\"@type\":\"CommentAction\",\"name\":\"Comment\",\"target\":[\"https:\\\/\\\/bardzogrubysmok.pl\\\/wycieczki\\\/green-velo-dzien-12-boncza-kolonia-zwierzyniec\\\/#respond\"]}]},{\"@type\":\"WebPage\",\"@id\":\"https:\\\/\\\/bardzogrubysmok.pl\\\/wycieczki\\\/green-velo-dzien-12-boncza-kolonia-zwierzyniec\\\/\",\"url\":\"https:\\\/\\\/bardzogrubysmok.pl\\\/wycieczki\\\/green-velo-dzien-12-boncza-kolonia-zwierzyniec\\\/\",\"name\":\"Green Velo \u2013 Dzie\u0144 12: Bo\u0144cza Kolonia \u2013 Zwierzyniec - Smocze wycieczki\",\"isPartOf\":{\"@id\":\"https:\\\/\\\/bardzogrubysmok.pl\\\/wycieczki\\\/#website\"},\"primaryImageOfPage\":{\"@id\":\"https:\\\/\\\/bardzogrubysmok.pl\\\/wycieczki\\\/green-velo-dzien-12-boncza-kolonia-zwierzyniec\\\/#primaryimage\"},\"image\":{\"@id\":\"https:\\\/\\\/bardzogrubysmok.pl\\\/wycieczki\\\/green-velo-dzien-12-boncza-kolonia-zwierzyniec\\\/#primaryimage\"},\"thumbnailUrl\":\"https:\\\/\\\/bardzogrubysmok.pl\\\/wycieczki\\\/wp-content\\\/uploads\\\/2023\\\/07\\\/przejazd-przez-pola-z-gorki.jpg\",\"datePublished\":\"2023-07-10T18:49:53+00:00\",\"dateModified\":\"2025-09-26T19:54:29+00:00\",\"description\":\"Wp\u0142yn\u0105\u0142em na suchego przestw\u00f3r oceanu, a potem chrz\u0105szcz brzmi w trzcinie - czyli poetycki dzie\u0144 na naszej trasie Green Velo.\",\"breadcrumb\":{\"@id\":\"https:\\\/\\\/bardzogrubysmok.pl\\\/wycieczki\\\/green-velo-dzien-12-boncza-kolonia-zwierzyniec\\\/#breadcrumb\"},\"inLanguage\":\"pl-PL\",\"potentialAction\":[{\"@type\":\"ReadAction\",\"target\":[\"https:\\\/\\\/bardzogrubysmok.pl\\\/wycieczki\\\/green-velo-dzien-12-boncza-kolonia-zwierzyniec\\\/\"]}]},{\"@type\":\"ImageObject\",\"inLanguage\":\"pl-PL\",\"@id\":\"https:\\\/\\\/bardzogrubysmok.pl\\\/wycieczki\\\/green-velo-dzien-12-boncza-kolonia-zwierzyniec\\\/#primaryimage\",\"url\":\"https:\\\/\\\/bardzogrubysmok.pl\\\/wycieczki\\\/wp-content\\\/uploads\\\/2023\\\/07\\\/przejazd-przez-pola-z-gorki.jpg\",\"contentUrl\":\"https:\\\/\\\/bardzogrubysmok.pl\\\/wycieczki\\\/wp-content\\\/uploads\\\/2023\\\/07\\\/przejazd-przez-pola-z-gorki.jpg\",\"width\":973,\"height\":730,\"caption\":\"przejazd przez pola z g\u00f3rki\"},{\"@type\":\"BreadcrumbList\",\"@id\":\"https:\\\/\\\/bardzogrubysmok.pl\\\/wycieczki\\\/green-velo-dzien-12-boncza-kolonia-zwierzyniec\\\/#breadcrumb\",\"itemListElement\":[{\"@type\":\"ListItem\",\"position\":1,\"name\":\"Strona g\u0142\u00f3wna\",\"item\":\"https:\\\/\\\/bardzogrubysmok.pl\\\/wycieczki\\\/\"},{\"@type\":\"ListItem\",\"position\":2,\"name\":\"Green Velo \u2013 Dzie\u0144 12: Bo\u0144cza Kolonia \u2013 Zwierzyniec\"}]},{\"@type\":\"WebSite\",\"@id\":\"https:\\\/\\\/bardzogrubysmok.pl\\\/wycieczki\\\/#website\",\"url\":\"https:\\\/\\\/bardzogrubysmok.pl\\\/wycieczki\\\/\",\"name\":\"Smocze wycieczki\",\"description\":\"\",\"publisher\":{\"@id\":\"https:\\\/\\\/bardzogrubysmok.pl\\\/wycieczki\\\/#\\\/schema\\\/person\\\/34c19df8fb03f397464a511ae78c4314\"},\"alternateName\":\"Smocze wycieczki\",\"potentialAction\":[{\"@type\":\"SearchAction\",\"target\":{\"@type\":\"EntryPoint\",\"urlTemplate\":\"https:\\\/\\\/bardzogrubysmok.pl\\\/wycieczki\\\/?s={search_term_string}\"},\"query-input\":{\"@type\":\"PropertyValueSpecification\",\"valueRequired\":true,\"valueName\":\"search_term_string\"}}],\"inLanguage\":\"pl-PL\"},{\"@type\":[\"Person\",\"Organization\"],\"@id\":\"https:\\\/\\\/bardzogrubysmok.pl\\\/wycieczki\\\/#\\\/schema\\\/person\\\/34c19df8fb03f397464a511ae78c4314\",\"name\":\"Bardzo Gruby Smok\",\"image\":{\"@type\":\"ImageObject\",\"inLanguage\":\"pl-PL\",\"@id\":\"https:\\\/\\\/bardzogrubysmok.pl\\\/wycieczki\\\/wp-content\\\/uploads\\\/2023\\\/04\\\/Logo-Bardzo-Gruby-Smok.png\",\"url\":\"https:\\\/\\\/bardzogrubysmok.pl\\\/wycieczki\\\/wp-content\\\/uploads\\\/2023\\\/04\\\/Logo-Bardzo-Gruby-Smok.png\",\"contentUrl\":\"https:\\\/\\\/bardzogrubysmok.pl\\\/wycieczki\\\/wp-content\\\/uploads\\\/2023\\\/04\\\/Logo-Bardzo-Gruby-Smok.png\",\"width\":400,\"height\":177,\"caption\":\"Bardzo Gruby Smok\"},\"logo\":{\"@id\":\"https:\\\/\\\/bardzogrubysmok.pl\\\/wycieczki\\\/wp-content\\\/uploads\\\/2023\\\/04\\\/Logo-Bardzo-Gruby-Smok.png\"},\"sameAs\":[\"https:\\\/\\\/bardzogrubysmok.pl\\\/wycieczki\"],\"url\":\"https:\\\/\\\/bardzogrubysmok.pl\\\/wycieczki\\\/author\\\/bardzogr_wyc\\\/\"}]}<\/script>\n<!-- \/ Yoast SEO plugin. -->","yoast_head_json":{"title":"Green Velo \u2013 Dzie\u0144 12: Bo\u0144cza Kolonia \u2013 Zwierzyniec - Smocze wycieczki","description":"Wp\u0142yn\u0105\u0142em na suchego przestw\u00f3r oceanu, a potem chrz\u0105szcz brzmi w trzcinie - czyli poetycki dzie\u0144 na naszej trasie Green Velo.","robots":{"index":"index","follow":"follow","max-snippet":"max-snippet:-1","max-image-preview":"max-image-preview:large","max-video-preview":"max-video-preview:-1"},"canonical":"https:\/\/bardzogrubysmok.pl\/wycieczki\/green-velo-dzien-12-boncza-kolonia-zwierzyniec\/","og_locale":"pl_PL","og_type":"article","og_title":"Green Velo \u2013 Dzie\u0144 12: Bo\u0144cza Kolonia \u2013 Zwierzyniec - Smocze wycieczki","og_description":"Wp\u0142yn\u0105\u0142em na suchego przestw\u00f3r oceanu, a potem chrz\u0105szcz brzmi w trzcinie - czyli poetycki dzie\u0144 na naszej trasie Green Velo.","og_url":"https:\/\/bardzogrubysmok.pl\/wycieczki\/green-velo-dzien-12-boncza-kolonia-zwierzyniec\/","og_site_name":"Smocze wycieczki","article_published_time":"2023-07-10T18:49:53+00:00","article_modified_time":"2025-09-26T19:54:29+00:00","og_image":[{"width":973,"height":730,"url":"https:\/\/bardzogrubysmok.pl\/wycieczki\/wp-content\/uploads\/2023\/07\/przejazd-przez-pola-z-gorki.jpg","type":"image\/jpeg"}],"author":"Bardzo Gruby Smok","twitter_card":"summary_large_image","twitter_misc":{"Napisane przez":"Bardzo Gruby Smok","Szacowany czas czytania":"10 minut"},"schema":{"@context":"https:\/\/schema.org","@graph":[{"@type":["Article","BlogPosting"],"@id":"https:\/\/bardzogrubysmok.pl\/wycieczki\/green-velo-dzien-12-boncza-kolonia-zwierzyniec\/#article","isPartOf":{"@id":"https:\/\/bardzogrubysmok.pl\/wycieczki\/green-velo-dzien-12-boncza-kolonia-zwierzyniec\/"},"author":{"name":"Bardzo Gruby Smok","@id":"https:\/\/bardzogrubysmok.pl\/wycieczki\/#\/schema\/person\/34c19df8fb03f397464a511ae78c4314"},"headline":"Green Velo \u2013 Dzie\u0144 12: Bo\u0144cza Kolonia \u2013 Zwierzyniec","datePublished":"2023-07-10T18:49:53+00:00","dateModified":"2025-09-26T19:54:29+00:00","mainEntityOfPage":{"@id":"https:\/\/bardzogrubysmok.pl\/wycieczki\/green-velo-dzien-12-boncza-kolonia-zwierzyniec\/"},"wordCount":881,"commentCount":0,"publisher":{"@id":"https:\/\/bardzogrubysmok.pl\/wycieczki\/#\/schema\/person\/34c19df8fb03f397464a511ae78c4314"},"image":{"@id":"https:\/\/bardzogrubysmok.pl\/wycieczki\/green-velo-dzien-12-boncza-kolonia-zwierzyniec\/#primaryimage"},"thumbnailUrl":"https:\/\/bardzogrubysmok.pl\/wycieczki\/wp-content\/uploads\/2023\/07\/przejazd-przez-pola-z-gorki.jpg","keywords":["Centralny Szlak Rowerowy Roztocza","Green Velo","Lubelskie","miasto powiatowe","park narodowy","rower","Roztocza\u0144ski Park Narodowy","Roztocze"],"articleSection":["Green Velo","na rowerze"],"inLanguage":"pl-PL","potentialAction":[{"@type":"CommentAction","name":"Comment","target":["https:\/\/bardzogrubysmok.pl\/wycieczki\/green-velo-dzien-12-boncza-kolonia-zwierzyniec\/#respond"]}]},{"@type":"WebPage","@id":"https:\/\/bardzogrubysmok.pl\/wycieczki\/green-velo-dzien-12-boncza-kolonia-zwierzyniec\/","url":"https:\/\/bardzogrubysmok.pl\/wycieczki\/green-velo-dzien-12-boncza-kolonia-zwierzyniec\/","name":"Green Velo \u2013 Dzie\u0144 12: Bo\u0144cza Kolonia \u2013 Zwierzyniec - Smocze wycieczki","isPartOf":{"@id":"https:\/\/bardzogrubysmok.pl\/wycieczki\/#website"},"primaryImageOfPage":{"@id":"https:\/\/bardzogrubysmok.pl\/wycieczki\/green-velo-dzien-12-boncza-kolonia-zwierzyniec\/#primaryimage"},"image":{"@id":"https:\/\/bardzogrubysmok.pl\/wycieczki\/green-velo-dzien-12-boncza-kolonia-zwierzyniec\/#primaryimage"},"thumbnailUrl":"https:\/\/bardzogrubysmok.pl\/wycieczki\/wp-content\/uploads\/2023\/07\/przejazd-przez-pola-z-gorki.jpg","datePublished":"2023-07-10T18:49:53+00:00","dateModified":"2025-09-26T19:54:29+00:00","description":"Wp\u0142yn\u0105\u0142em na suchego przestw\u00f3r oceanu, a potem chrz\u0105szcz brzmi w trzcinie - czyli poetycki dzie\u0144 na naszej trasie Green Velo.","breadcrumb":{"@id":"https:\/\/bardzogrubysmok.pl\/wycieczki\/green-velo-dzien-12-boncza-kolonia-zwierzyniec\/#breadcrumb"},"inLanguage":"pl-PL","potentialAction":[{"@type":"ReadAction","target":["https:\/\/bardzogrubysmok.pl\/wycieczki\/green-velo-dzien-12-boncza-kolonia-zwierzyniec\/"]}]},{"@type":"ImageObject","inLanguage":"pl-PL","@id":"https:\/\/bardzogrubysmok.pl\/wycieczki\/green-velo-dzien-12-boncza-kolonia-zwierzyniec\/#primaryimage","url":"https:\/\/bardzogrubysmok.pl\/wycieczki\/wp-content\/uploads\/2023\/07\/przejazd-przez-pola-z-gorki.jpg","contentUrl":"https:\/\/bardzogrubysmok.pl\/wycieczki\/wp-content\/uploads\/2023\/07\/przejazd-przez-pola-z-gorki.jpg","width":973,"height":730,"caption":"przejazd przez pola z g\u00f3rki"},{"@type":"BreadcrumbList","@id":"https:\/\/bardzogrubysmok.pl\/wycieczki\/green-velo-dzien-12-boncza-kolonia-zwierzyniec\/#breadcrumb","itemListElement":[{"@type":"ListItem","position":1,"name":"Strona g\u0142\u00f3wna","item":"https:\/\/bardzogrubysmok.pl\/wycieczki\/"},{"@type":"ListItem","position":2,"name":"Green Velo \u2013 Dzie\u0144 12: Bo\u0144cza Kolonia \u2013 Zwierzyniec"}]},{"@type":"WebSite","@id":"https:\/\/bardzogrubysmok.pl\/wycieczki\/#website","url":"https:\/\/bardzogrubysmok.pl\/wycieczki\/","name":"Smocze wycieczki","description":"","publisher":{"@id":"https:\/\/bardzogrubysmok.pl\/wycieczki\/#\/schema\/person\/34c19df8fb03f397464a511ae78c4314"},"alternateName":"Smocze wycieczki","potentialAction":[{"@type":"SearchAction","target":{"@type":"EntryPoint","urlTemplate":"https:\/\/bardzogrubysmok.pl\/wycieczki\/?s={search_term_string}"},"query-input":{"@type":"PropertyValueSpecification","valueRequired":true,"valueName":"search_term_string"}}],"inLanguage":"pl-PL"},{"@type":["Person","Organization"],"@id":"https:\/\/bardzogrubysmok.pl\/wycieczki\/#\/schema\/person\/34c19df8fb03f397464a511ae78c4314","name":"Bardzo Gruby Smok","image":{"@type":"ImageObject","inLanguage":"pl-PL","@id":"https:\/\/bardzogrubysmok.pl\/wycieczki\/wp-content\/uploads\/2023\/04\/Logo-Bardzo-Gruby-Smok.png","url":"https:\/\/bardzogrubysmok.pl\/wycieczki\/wp-content\/uploads\/2023\/04\/Logo-Bardzo-Gruby-Smok.png","contentUrl":"https:\/\/bardzogrubysmok.pl\/wycieczki\/wp-content\/uploads\/2023\/04\/Logo-Bardzo-Gruby-Smok.png","width":400,"height":177,"caption":"Bardzo Gruby Smok"},"logo":{"@id":"https:\/\/bardzogrubysmok.pl\/wycieczki\/wp-content\/uploads\/2023\/04\/Logo-Bardzo-Gruby-Smok.png"},"sameAs":["https:\/\/bardzogrubysmok.pl\/wycieczki"],"url":"https:\/\/bardzogrubysmok.pl\/wycieczki\/author\/bardzogr_wyc\/"}]}},"_links":{"self":[{"href":"https:\/\/bardzogrubysmok.pl\/wycieczki\/wp-json\/wp\/v2\/posts\/1965","targetHints":{"allow":["GET"]}}],"collection":[{"href":"https:\/\/bardzogrubysmok.pl\/wycieczki\/wp-json\/wp\/v2\/posts"}],"about":[{"href":"https:\/\/bardzogrubysmok.pl\/wycieczki\/wp-json\/wp\/v2\/types\/post"}],"author":[{"embeddable":true,"href":"https:\/\/bardzogrubysmok.pl\/wycieczki\/wp-json\/wp\/v2\/users\/1"}],"replies":[{"embeddable":true,"href":"https:\/\/bardzogrubysmok.pl\/wycieczki\/wp-json\/wp\/v2\/comments?post=1965"}],"version-history":[{"count":15,"href":"https:\/\/bardzogrubysmok.pl\/wycieczki\/wp-json\/wp\/v2\/posts\/1965\/revisions"}],"predecessor-version":[{"id":2616,"href":"https:\/\/bardzogrubysmok.pl\/wycieczki\/wp-json\/wp\/v2\/posts\/1965\/revisions\/2616"}],"wp:featuredmedia":[{"embeddable":true,"href":"https:\/\/bardzogrubysmok.pl\/wycieczki\/wp-json\/wp\/v2\/media\/2424"}],"wp:attachment":[{"href":"https:\/\/bardzogrubysmok.pl\/wycieczki\/wp-json\/wp\/v2\/media?parent=1965"}],"wp:term":[{"taxonomy":"category","embeddable":true,"href":"https:\/\/bardzogrubysmok.pl\/wycieczki\/wp-json\/wp\/v2\/categories?post=1965"},{"taxonomy":"post_tag","embeddable":true,"href":"https:\/\/bardzogrubysmok.pl\/wycieczki\/wp-json\/wp\/v2\/tags?post=1965"}],"curies":[{"name":"wp","href":"https:\/\/api.w.org\/{rel}","templated":true}]}}